{"id":16536,"date":"2017-03-20T15:30:52","date_gmt":"2017-03-20T14:30:52","guid":{"rendered":"http:\/\/www.conselharan.org\/es\/?p=16536"},"modified":"2017-03-20T15:32:47","modified_gmt":"2017-03-20T14:32:47","slug":"conferencia-en-la-val-daran-sobre-mindfulness","status":"publish","type":"post","link":"https:\/\/www.conselharan.org\/es\/conferencia-en-la-val-daran-sobre-mindfulness\/","title":{"rendered":"Conferencia en la Val d\u2019Aran sobre Mindfulness"},"content":{"rendered":"<p><img loading=\"lazy\" decoding=\"async\" class=\"aligncenter size-large wp-image-16532\" src=\"http:\/\/www.conselharan.org\/wp-content\/uploads\/2017\/03\/DSC_0007-1024x559.jpg\" alt=\"DSC_0007\" width=\"1024\" height=\"559\" srcset=\"https:\/\/www.conselharan.org\/wp-content\/uploads\/2017\/03\/DSC_0007-1024x559.jpg 1024w, https:\/\/www.conselharan.org\/wp-content\/uploads\/2017\/03\/DSC_0007-300x164.jpg 300w, https:\/\/www.conselharan.org\/wp-content\/uploads\/2017\/03\/DSC_0007-768x420.jpg 768w\" sizes=\"(max-width: 1024px) 100vw, 1024px\" \/><\/p>\n<p>&nbsp;<\/p>\n<p>Dentro de las actividades que la Federaci\u00f3n de Comercio de Lleida que lleva a cabo en la SEMANA DEL COMERCIO, hoy lunes d\u00eda 20 de marzo, conjuntamente con la Conselh Generau d\u2019Aran, se ha realizado en Vielha la conferencia de \u201cMINDFULNESS como herramienta para la mejora del rendimiento de la actitud\u201d.<\/p>\n<p>El mindfulness se est\u00e1 imponiendo cada vez m\u00e1s como una herramienta muy efectiva para el desarrollo de todas nuestras capacidades y la mejora de nuestra calidad de vida personal y profesional. Esta conferencia ofrece una visi\u00f3n cient\u00edfica de esta disciplina a la vez que ofrece herramientas y t\u00e9cnicas al alcance de todos para poder implementarla en la pr\u00e1ctica diaria y de forma sencilla.<\/p>\n<p><strong>Gorka Bartolom\u00e9,<\/strong> (m\u00e1ster Certified Coach por ICF, director de los M\u00e1steres y Expertos Universitarios en Coaching de la UDL, experto en inteligencia emocional y lenguaje no verbal) ha sido quien nos ha adentrado en el Mindfulness.<\/p>\n<p>&nbsp;<\/p>\n<p>&nbsp;<\/p>\n<p>&nbsp;<\/p>\n<p>&nbsp;<\/p>\n<p>&nbsp;<\/p>\n<p>Vielha, 20 de marzo de 2017<\/p>\n<p>&nbsp;<\/p>\n<p><em>Conselh Generau d&#8217;Aran: N\u00faria Sanjuan<\/em><\/p>\n ","protected":false},"excerpt":{"rendered":"<p>&nbsp; Dentro de las actividades que la Federaci\u00f3n de Comercio de Lleida que lleva a cabo en la SEMANA DEL COMERCIO, hoy lunes d\u00eda 20 de marzo, conjuntamente con la Conselh Generau d\u2019Aran, se ha realizado en Vielha la conferencia de \u201cMINDFULNESS como herramienta para la mejora del rendimiento de la actitud\u201d. El mindfulness se&#8230;<\/p>\n","protected":false},"author":2,"featured_media":16532,"comment_status":"closed","ping_status":"closed","sticky":false,"template":"","format":"standard","meta":{"footnotes":""},"categories":[34],"tags":[],"_links":{"self":[{"href":"https:\/\/www.conselharan.org\/es\/wp-json\/wp\/v2\/posts\/16536"}],"collection":[{"href":"https:\/\/www.conselharan.org\/es\/wp-json\/wp\/v2\/posts"}],"about":[{"href":"https:\/\/www.conselharan.org\/es\/wp-json\/wp\/v2\/types\/post"}],"author":[{"embeddable":true,"href":"https:\/\/www.conselharan.org\/es\/wp-json\/wp\/v2\/users\/2"}],"replies":[{"embeddable":true,"href":"https:\/\/www.conselharan.org\/es\/wp-json\/wp\/v2\/comments?post=16536"}],"version-history":[{"count":1,"href":"https:\/\/www.conselharan.org\/es\/wp-json\/wp\/v2\/posts\/16536\/revisions"}],"predecessor-version":[{"id":16537,"href":"https:\/\/www.conselharan.org\/es\/wp-json\/wp\/v2\/posts\/16536\/revisions\/16537"}],"wp:featuredmedia":[{"embeddable":true,"href":"https:\/\/www.conselharan.org\/es\/wp-json\/wp\/v2\/media\/16532"}],"wp:attachment":[{"href":"https:\/\/www.conselharan.org\/es\/wp-json\/wp\/v2\/media?parent=16536"}],"wp:term":[{"taxonomy":"category","embeddable":true,"href":"https:\/\/www.conselharan.org\/es\/wp-json\/wp\/v2\/categories?post=16536"},{"taxonomy":"post_tag","embeddable":true,"href":"https:\/\/www.conselharan.org\/es\/wp-json\/wp\/v2\/tags?post=16536"}],"curies":[{"name":"wp","href":"https:\/\/api.w.org\/{rel}","templated":true}]}}