{"id":16545,"date":"2017-03-21T14:07:19","date_gmt":"2017-03-21T13:07:19","guid":{"rendered":"http:\/\/www.conselharan.org\/es\/?p=16545"},"modified":"2017-03-21T14:07:19","modified_gmt":"2017-03-21T13:07:19","slug":"el-iea-academia-aranesa-de-la-lengua-occitana-presenta-sus-actividades-a-los-alumnos-de-los-cursos-de-occitano-aranes","status":"publish","type":"post","link":"https:\/\/www.conselharan.org\/es\/el-iea-academia-aranesa-de-la-lengua-occitana-presenta-sus-actividades-a-los-alumnos-de-los-cursos-de-occitano-aranes\/","title":{"rendered":"El IEA &#8211; Academia aranesa de la lengua occitana presenta sus actividades a los alumnos de los cursos de occitano- aran\u00e9s"},"content":{"rendered":"<p><img loading=\"lazy\" decoding=\"async\" class=\"aligncenter size-large wp-image-16541\" src=\"http:\/\/www.conselharan.org\/wp-content\/uploads\/2017\/03\/IEA-Academia-1-1024x678.jpg\" alt=\"IEA-Academia\" width=\"1024\" height=\"678\" srcset=\"https:\/\/www.conselharan.org\/wp-content\/uploads\/2017\/03\/IEA-Academia-1-1024x678.jpg 1024w, https:\/\/www.conselharan.org\/wp-content\/uploads\/2017\/03\/IEA-Academia-1-300x199.jpg 300w, https:\/\/www.conselharan.org\/wp-content\/uploads\/2017\/03\/IEA-Academia-1-768x509.jpg 768w, https:\/\/www.conselharan.org\/wp-content\/uploads\/2017\/03\/IEA-Academia-1.jpg 1600w\" sizes=\"(max-width: 1024px) 100vw, 1024px\" \/><\/p>\n<p>&nbsp;<\/p>\n<p>El presidente del Instituto de Estudios Araneses- Academia aranesa de la lengua occitana, <strong>Jus\u00e8p Lo\u00eds Sans<\/strong>, junto con el miembro del consejo permanente del Instituto de Estudios Araneses, <strong>J\u00e8p de Montoya<\/strong>, han presentado las actividades del IEA- Academia aranesa de la lengua occitana a los alumnos de los cursos de occitano- aran\u00e9s ofrecidos por el Conselh Generau d\u2019Aran en colaboraci\u00f3n con la direcci\u00f3n general de Pol\u00edtica Ling\u00fc\u00edstica de la Generalitat de Catalu\u00f1a.<\/p>\n<p>&nbsp;<\/p>\n<p>&nbsp;<\/p>\n<p>&nbsp;<\/p>\n<p>&nbsp;<\/p>\n<p>Vielha, 21 de marzo de 2017<\/p>\n<p>&nbsp;<\/p>\n<p><em>Conselh Generau d&#8217;Aran: N\u00faria Sanjuan<\/em><\/p>\n<p><em>Fuente y foto:\u00a0 Instituto de Estudios Araneses- Academia aranesa de la lengua occitana<\/em><\/p>\n ","protected":false},"excerpt":{"rendered":"<p>&nbsp; El presidente del Instituto de Estudios Araneses- Academia aranesa de la lengua occitana, Jus\u00e8p Lo\u00eds Sans, junto con el miembro del consejo permanente del Instituto de Estudios Araneses, J\u00e8p de Montoya, han presentado las actividades del IEA- Academia aranesa de la lengua occitana a los alumnos de los cursos de occitano- aran\u00e9s ofrecidos por&#8230;<\/p>\n","protected":false},"author":2,"featured_media":16541,"comment_status":"closed","ping_status":"closed","sticky":false,"template":"","format":"standard","meta":{"footnotes":""},"categories":[132,34],"tags":[],"_links":{"self":[{"href":"https:\/\/www.conselharan.org\/es\/wp-json\/wp\/v2\/posts\/16545"}],"collection":[{"href":"https:\/\/www.conselharan.org\/es\/wp-json\/wp\/v2\/posts"}],"about":[{"href":"https:\/\/www.conselharan.org\/es\/wp-json\/wp\/v2\/types\/post"}],"author":[{"embeddable":true,"href":"https:\/\/www.conselharan.org\/es\/wp-json\/wp\/v2\/users\/2"}],"replies":[{"embeddable":true,"href":"https:\/\/www.conselharan.org\/es\/wp-json\/wp\/v2\/comments?post=16545"}],"version-history":[{"count":1,"href":"https:\/\/www.conselharan.org\/es\/wp-json\/wp\/v2\/posts\/16545\/revisions"}],"predecessor-version":[{"id":16546,"href":"https:\/\/www.conselharan.org\/es\/wp-json\/wp\/v2\/posts\/16545\/revisions\/16546"}],"wp:featuredmedia":[{"embeddable":true,"href":"https:\/\/www.conselharan.org\/es\/wp-json\/wp\/v2\/media\/16541"}],"wp:attachment":[{"href":"https:\/\/www.conselharan.org\/es\/wp-json\/wp\/v2\/media?parent=16545"}],"wp:term":[{"taxonomy":"category","embeddable":true,"href":"https:\/\/www.conselharan.org\/es\/wp-json\/wp\/v2\/categories?post=16545"},{"taxonomy":"post_tag","embeddable":true,"href":"https:\/\/www.conselharan.org\/es\/wp-json\/wp\/v2\/tags?post=16545"}],"curies":[{"name":"wp","href":"https:\/\/api.w.org\/{rel}","templated":true}]}}