{"id":16554,"date":"2017-03-21T16:16:03","date_gmt":"2017-03-21T15:16:03","guid":{"rendered":"http:\/\/www.conselharan.org\/es\/?p=16554"},"modified":"2017-03-21T16:16:03","modified_gmt":"2017-03-21T15:16:03","slug":"trasladados-con-exito-los-tres-oseznos-nacidos-en-aran-park","status":"publish","type":"post","link":"https:\/\/www.conselharan.org\/es\/trasladados-con-exito-los-tres-oseznos-nacidos-en-aran-park\/","title":{"rendered":"Trasladados con \u00e9xito los tres oseznos nacidos en Aran Park"},"content":{"rendered":"<p><img loading=\"lazy\" decoding=\"async\" class=\"aligncenter size-full wp-image-16548\" src=\"http:\/\/www.conselharan.org\/wp-content\/uploads\/2017\/03\/ossardets-2.jpg\" alt=\"ossardets 2\" width=\"657\" height=\"978\" srcset=\"https:\/\/www.conselharan.org\/wp-content\/uploads\/2017\/03\/ossardets-2.jpg 657w, https:\/\/www.conselharan.org\/wp-content\/uploads\/2017\/03\/ossardets-2-202x300.jpg 202w\" sizes=\"(max-width: 657px) 100vw, 657px\" \/><\/p>\n<p>&nbsp;<\/p>\n<p>Los tres oseznos nacidos el a\u00f1o pasado en Aran Park, el parque de Fauna de la Val d\u2019Aran situado en Boss\u00f2st, han sido trasladados con \u00e9xito al Parque Animalier des Pyr\u00e9nees, en la poblaci\u00f3n francesa de Ayzac-Os cerca de Lourdes.<\/p>\n<p>Los tres cachorros, Inda, Misha y Trona, nacidos de los osos Luna (8 a\u00f1os) y Ben (4 a\u00f1os) han tenido que ser trasladados a otro parque porque el espacio de los osos de Aran Park no pod\u00eda acoger a cinco ejemplares.<\/p>\n<p>El traslado ha requerido anestesia y, antes se han sometido a un examen veterinario. Debido al excedente de osos en cautividad y la dificultad para encontrar parques para ubicarlos, hoy se han esterilizado a los osos machos (Ben e Indu) para que no puedan tener m\u00e1s hijos.<\/p>\n<p>Recordamos que el parque de Fauna de la Val d\u2019Aran <strong>Aran Park abrir\u00e1 al p\u00fablico el pr\u00f3ximo d\u00eda 1 de abril,<\/strong> con horario de 09h00 a 18h00, y los meses de julio y agosto de 09h00 a 19h00. Este a\u00f1o el parque<strong> estrenar\u00e1 recinto con 4 ejemplares de lobo europeo<\/strong>.<\/p>\n<p>&nbsp;<\/p>\n<p>&nbsp;<\/p>\n<p>&nbsp;<\/p>\n<p>&nbsp;<\/p>\n<p>&nbsp;<\/p>\n<p>Vielha, 21 de marzo de 2017<\/p>\n<p>&nbsp;<\/p>\n<p><em>Conselh Generau d&#8217;Aran: N\u00faria Sanjuan\u00a0<\/em><\/p>\n ","protected":false},"excerpt":{"rendered":"<p>&nbsp; Los tres oseznos nacidos el a\u00f1o pasado en Aran Park, el parque de Fauna de la Val d\u2019Aran situado en Boss\u00f2st, han sido trasladados con \u00e9xito al Parque Animalier des Pyr\u00e9nees, en la poblaci\u00f3n francesa de Ayzac-Os cerca de Lourdes. Los tres cachorros, Inda, Misha y Trona, nacidos de los osos Luna (8 a\u00f1os)&#8230;<\/p>\n","protected":false},"author":2,"featured_media":16548,"comment_status":"closed","ping_status":"closed","sticky":false,"template":"","format":"standard","meta":{"footnotes":""},"categories":[129,126,37],"tags":[],"_links":{"self":[{"href":"https:\/\/www.conselharan.org\/es\/wp-json\/wp\/v2\/posts\/16554"}],"collection":[{"href":"https:\/\/www.conselharan.org\/es\/wp-json\/wp\/v2\/posts"}],"about":[{"href":"https:\/\/www.conselharan.org\/es\/wp-json\/wp\/v2\/types\/post"}],"author":[{"embeddable":true,"href":"https:\/\/www.conselharan.org\/es\/wp-json\/wp\/v2\/users\/2"}],"replies":[{"embeddable":true,"href":"https:\/\/www.conselharan.org\/es\/wp-json\/wp\/v2\/comments?post=16554"}],"version-history":[{"count":1,"href":"https:\/\/www.conselharan.org\/es\/wp-json\/wp\/v2\/posts\/16554\/revisions"}],"predecessor-version":[{"id":16555,"href":"https:\/\/www.conselharan.org\/es\/wp-json\/wp\/v2\/posts\/16554\/revisions\/16555"}],"wp:featuredmedia":[{"embeddable":true,"href":"https:\/\/www.conselharan.org\/es\/wp-json\/wp\/v2\/media\/16548"}],"wp:attachment":[{"href":"https:\/\/www.conselharan.org\/es\/wp-json\/wp\/v2\/media?parent=16554"}],"wp:term":[{"taxonomy":"category","embeddable":true,"href":"https:\/\/www.conselharan.org\/es\/wp-json\/wp\/v2\/categories?post=16554"},{"taxonomy":"post_tag","embeddable":true,"href":"https:\/\/www.conselharan.org\/es\/wp-json\/wp\/v2\/tags?post=16554"}],"curies":[{"name":"wp","href":"https:\/\/api.w.org\/{rel}","templated":true}]}}