{"id":16579,"date":"2017-03-24T14:45:58","date_gmt":"2017-03-24T13:45:58","guid":{"rendered":"http:\/\/www.conselharan.org\/es\/?p=16579"},"modified":"2017-03-30T14:12:45","modified_gmt":"2017-03-30T12:12:45","slug":"cesion-al-archivo-general-de-aran-de-30-000-imagenes-del-fotografo-aranes-toni-estany","status":"publish","type":"post","link":"https:\/\/www.conselharan.org\/es\/cesion-al-archivo-general-de-aran-de-30-000-imagenes-del-fotografo-aranes-toni-estany\/","title":{"rendered":"Cesi\u00f3n al Archivo General de Aran de 30.000 im\u00e1genes del fot\u00f3grafo aran\u00e9s Toni Estany"},"content":{"rendered":"<p>\u2022 <strong>Ha colaborado en varios estudios y publicaciones y en abril de 2016 se pudo ver en Vielha una exposici\u00f3n con una muestra de 33 especies de lib\u00e9lulas que se pueden encontrar en la Val d\u2019Aran.<\/strong><\/p>\n<p><strong>\u2022 El estudio y fotograf\u00eda de las mismas lo llevaron a descubrir cuatro especies nuevas en la Val d\u2019Aran.<\/strong><\/p>\n<p>&nbsp;<\/p>\n<p><img loading=\"lazy\" decoding=\"async\" class=\"aligncenter size-large wp-image-16572\" src=\"http:\/\/www.conselharan.org\/wp-content\/uploads\/2017\/03\/DSC_1049-1024x838.jpg\" alt=\"DSC_1049\" width=\"1024\" height=\"838\" srcset=\"https:\/\/www.conselharan.org\/wp-content\/uploads\/2017\/03\/DSC_1049-1024x838.jpg 1024w, https:\/\/www.conselharan.org\/wp-content\/uploads\/2017\/03\/DSC_1049-300x245.jpg 300w, https:\/\/www.conselharan.org\/wp-content\/uploads\/2017\/03\/DSC_1049-768x628.jpg 768w\" sizes=\"(max-width: 1024px) 100vw, 1024px\" \/><\/p>\n<p>&nbsp;<\/p>\n<p>El sindic de Aran,<strong> Carlos Barrera<\/strong>, la directora del Archivo General de Aran,<strong> Maria Pau G\u00f3mez<\/strong> y la mujer de Toni Estany, <strong>Maria Jos\u00e9 Gonz\u00e1lez<\/strong>, han firmado el contrato de cesi\u00f3n del fondo del fot\u00f3grafo aran\u00e9s, Toni Estany, formado por unas 30.000 im\u00e1genes (negativos y positivos).<\/p>\n<p>En palabras del sindic de Aran,<strong> Carlos Barrera: \u201cSe trata de un fondo de gran relevancia e inter\u00e9s que recoge im\u00e1genes de la naturaleza, flora y fauna de la Val d\u2019Aran. Desde el Gov\u00e8rn de Aran agradecemos la responsabilidad y la generosidad al querer que este patrimonio sea conservado en las mejores condiciones y en las mejores instalaciones c\u00f3mo es el Archivo General de Aran\u201d.<\/strong><\/p>\n<p>Toni Estany nace en Vielha el 1962, de la mano de Jos\u00e9 Porras se inicia en la fotograf\u00eda y obtiene su primera c\u00e1mara fotogr\u00e1fica. Monta su propio laboratorio en su casa para poder revelar las fotograf\u00edas. Sus primeros trabajos fotogr\u00e1ficos se centran en los paisajes, las personas y la flora y fauna aranesa. Posteriormente centrar\u00e1 sus trabajos en la fotograf\u00eda de insectos, siendo su trabajo m\u00e1s destacado el dedicado a las lib\u00e9lulas. El estudio y fotograf\u00eda de las mismas lo llevaron a descubrir cuatro especies nuevas en la Val d\u2019Aran. Ha colaborado en varios estudios y publicaciones sobre este tema y en abril de 2016 se pudo ver en Vielha una exposici\u00f3n con una muestra de 33 especies de lib\u00e9lulas que se pueden encontrar en la Val d\u2019Aran.<\/p>\n<p><strong>Carlos Barrera,<\/strong> sindic de Aran, ha subrayado: \u201c<strong>Este a\u00f1o se colocar\u00e1 en la Bassa d\u2019Oles un cartel informativo de sensibilizaci\u00f3n hacia la naturaleza, insectos y lib\u00e9lulas con fotograf\u00edas de Toni Estany\u201d.<\/strong><\/p>\n<p>&nbsp;<\/p>\n<p>&nbsp;<\/p>\n<p>&nbsp;<\/p>\n<p>&nbsp;<\/p>\n<p>&nbsp;<\/p>\n<p>&nbsp;<\/p>\n<p>Vielha, 24 de marzo de 2017<\/p>\n<p>&nbsp;<\/p>\n<p><em>Conselh Generau d&#8217;Aran: N\u00faria Sanjuan<\/em><\/p>\n ","protected":false},"excerpt":{"rendered":"<p>\u2022 Ha colaborado en varios estudios y publicaciones y en abril de 2016 se pudo ver en Vielha una exposici\u00f3n con una muestra de 33 especies de lib\u00e9lulas que se pueden encontrar en la Val d\u2019Aran. \u2022 El estudio y fotograf\u00eda de las mismas lo llevaron a descubrir cuatro especies nuevas en la Val d\u2019Aran&#8230;.<\/p>\n","protected":false},"author":2,"featured_media":16572,"comment_status":"closed","ping_status":"closed","sticky":false,"template":"","format":"standard","meta":{"footnotes":""},"categories":[52,126],"tags":[],"_links":{"self":[{"href":"https:\/\/www.conselharan.org\/es\/wp-json\/wp\/v2\/posts\/16579"}],"collection":[{"href":"https:\/\/www.conselharan.org\/es\/wp-json\/wp\/v2\/posts"}],"about":[{"href":"https:\/\/www.conselharan.org\/es\/wp-json\/wp\/v2\/types\/post"}],"author":[{"embeddable":true,"href":"https:\/\/www.conselharan.org\/es\/wp-json\/wp\/v2\/users\/2"}],"replies":[{"embeddable":true,"href":"https:\/\/www.conselharan.org\/es\/wp-json\/wp\/v2\/comments?post=16579"}],"version-history":[{"count":1,"href":"https:\/\/www.conselharan.org\/es\/wp-json\/wp\/v2\/posts\/16579\/revisions"}],"predecessor-version":[{"id":16580,"href":"https:\/\/www.conselharan.org\/es\/wp-json\/wp\/v2\/posts\/16579\/revisions\/16580"}],"wp:featuredmedia":[{"embeddable":true,"href":"https:\/\/www.conselharan.org\/es\/wp-json\/wp\/v2\/media\/16572"}],"wp:attachment":[{"href":"https:\/\/www.conselharan.org\/es\/wp-json\/wp\/v2\/media?parent=16579"}],"wp:term":[{"taxonomy":"category","embeddable":true,"href":"https:\/\/www.conselharan.org\/es\/wp-json\/wp\/v2\/categories?post=16579"},{"taxonomy":"post_tag","embeddable":true,"href":"https:\/\/www.conselharan.org\/es\/wp-json\/wp\/v2\/tags?post=16579"}],"curies":[{"name":"wp","href":"https:\/\/api.w.org\/{rel}","templated":true}]}}