{"id":16595,"date":"2017-03-24T16:02:33","date_gmt":"2017-03-24T15:02:33","guid":{"rendered":"http:\/\/www.conselharan.org\/es\/?p=16595"},"modified":"2017-03-24T16:02:33","modified_gmt":"2017-03-24T15:02:33","slug":"subvenciones-del-conselh-generau-daran-para-el-ejercicio-2017","status":"publish","type":"post","link":"https:\/\/www.conselharan.org\/es\/subvenciones-del-conselh-generau-daran-para-el-ejercicio-2017\/","title":{"rendered":"Subvenciones del Conselh Generau d\u2019Aran para el ejercicio 2017"},"content":{"rendered":"<p>Vielha, 24 de marzo de 2017.- El plazo para la presentaci\u00f3n de solicitud de subvenciones del Conselh Generau d\u2019Aran finaliza el pr\u00f3ximo 15 de junio de 2017.<\/p>\n<p><a href=\"http:\/\/www.conselharan.org\/wp-content\/uploads\/2017\/03\/subvencions2.jpg\"><img loading=\"lazy\" decoding=\"async\" class=\"aligncenter size-large wp-image-16593\" src=\"http:\/\/www.conselharan.org\/wp-content\/uploads\/2017\/03\/subvencions2-1024x536.jpg\" alt=\"subvencions2\" width=\"1024\" height=\"536\" srcset=\"https:\/\/www.conselharan.org\/wp-content\/uploads\/2017\/03\/subvencions2-1024x536.jpg 1024w, https:\/\/www.conselharan.org\/wp-content\/uploads\/2017\/03\/subvencions2-300x157.jpg 300w, https:\/\/www.conselharan.org\/wp-content\/uploads\/2017\/03\/subvencions2-768x402.jpg 768w, https:\/\/www.conselharan.org\/wp-content\/uploads\/2017\/03\/subvencions2.jpg 1200w\" sizes=\"(max-width: 1024px) 100vw, 1024px\" \/><\/a><\/p>\n<p>Los diversos \u00e1mbitos objeto de estas convocatorias son los siguientes:<\/p>\n<p><strong>Subvenciones en el \u00e1rea de cultura y lengua<\/strong>.<\/p>\n<p>El Conselh de Gov\u00e8rn del Conselh Generau d\u2019Aran de fecha 21 de febrero de 2017 aprob\u00f3 la convocatoria para la concesi\u00f3n de subvenciones en el \u00e1rea de cultura y lengua para el a\u00f1o 2017. La concesi\u00f3n de ayudas y subvenciones econ\u00f3micas que entrega el Conselh Generau d\u2019Aran en el \u00e1rea de la difusi\u00f3n y dinamizaci\u00f3n cultural en la Val d\u2019Aran.<\/p>\n<p>El \u00e1mbito temporal de ejecuci\u00f3n de las actividades a realizar comprender\u00e1 el t\u00e9rmino comprendido entre el 1 de enero de 2017 y el 31 de diciembre de 2017.<\/p>\n<p><a href=\"http:\/\/www.conselharan.org\/wp-content\/uploads\/2017\/03\/Convocat%C3%B2ria-subvencions-Cultura-2017.pdf\">http:\/\/www.conselharan.org\/wp-content\/uploads\/2017\/03\/Convocat%C3%B2ria-subvencions-Cultura-2017.pdf<\/a><\/p>\n<p><strong>Subvenciones en el \u00e1rea de deportes.<\/strong><\/p>\n<p>El Conselh de Gov\u00e8rn del Conselh Generau d\u2019Aran de fecha 21 de febrero de 2017 aprob\u00f3 la convocatoria para la concesi\u00f3n de subvenciones en el \u00e1rea de deportes para el a\u00f1o 2017. La concesi\u00f3n de ayudas y subvenciones econ\u00f3micas que entrega el Conselh Generau d\u2019Aran en el \u00e1rea de deportes en la Val d\u2019Aran.<\/p>\n<p>El \u00e1mbito temporal de ejecuci\u00f3n de las actividades a realizar comprender\u00e1 el t\u00e9rmino comprendido entre el 1 de enero de 2017 y el 31 de diciembre de 2017.<\/p>\n<p><a href=\"http:\/\/www.conselharan.org\/wp-content\/uploads\/2017\/03\/Convocat%C3%B2ria-subvencions-Esports-2017.pdf\">http:\/\/www.conselharan.org\/wp-content\/uploads\/2017\/03\/Convocat%C3%B2ria-subvencions-Esports-2017.pdf<\/a><\/p>\n<p><strong>Subvenciones en diferentes \u00e1reas<\/strong>.<\/p>\n<p>El Conselh de Gov\u00e8rn del Conselh Generau d\u2019Aran de fecha 21 de febrero de 2017 aprob\u00f3 la convocatoria para la concesi\u00f3n de subvenciones en diferentes \u00e1reas para el a\u00f1o 2017.<\/p>\n<p>La concesi\u00f3n de ayudas y subvenciones econ\u00f3micas que entrega el Conselh Generau d\u2019Aran en las \u00e1reas de: <strong>medio ambiente, acci\u00f3n social, juventud, ense\u00f1anza y promoci\u00f3n tur\u00edstica en la Val d\u2019Aran.<\/strong><\/p>\n<p><strong><a href=\"http:\/\/www.conselharan.org\/wp-content\/uploads\/2017\/03\/Convocat%C3%B2ria-subvencions-Auti-Airaus-2017.pdf\">http:\/\/www.conselharan.org\/wp-content\/uploads\/2017\/03\/Convocat%C3%B2ria-subvencions-Auti-Airaus-2017.pdf<\/a> <\/strong><\/p>\n<p>El \u00e1mbito temporal de ejecuci\u00f3n de las actividades a realizar comprender\u00e1 el t\u00e9rmino comprendido entre el 1 de enero de 2017 y el 31 de diciembre de 2017.<\/p>\n<p>&nbsp;<\/p>\n<p>&nbsp;<\/p>\n<p>&nbsp;<\/p>\n ","protected":false},"excerpt":{"rendered":"<p>Vielha, 24 de marzo de 2017.- El plazo para la presentaci\u00f3n de solicitud de subvenciones del Conselh Generau d\u2019Aran finaliza el pr\u00f3ximo 15 de junio de 2017. Los diversos \u00e1mbitos objeto de estas convocatorias son los siguientes: Subvenciones en el \u00e1rea de cultura y lengua. El Conselh de Gov\u00e8rn del Conselh Generau d\u2019Aran de fecha&#8230;<\/p>\n","protected":false},"author":2,"featured_media":16592,"comment_status":"closed","ping_status":"closed","sticky":false,"template":"","format":"standard","meta":{"footnotes":""},"categories":[52],"tags":[],"_links":{"self":[{"href":"https:\/\/www.conselharan.org\/es\/wp-json\/wp\/v2\/posts\/16595"}],"collection":[{"href":"https:\/\/www.conselharan.org\/es\/wp-json\/wp\/v2\/posts"}],"about":[{"href":"https:\/\/www.conselharan.org\/es\/wp-json\/wp\/v2\/types\/post"}],"author":[{"embeddable":true,"href":"https:\/\/www.conselharan.org\/es\/wp-json\/wp\/v2\/users\/2"}],"replies":[{"embeddable":true,"href":"https:\/\/www.conselharan.org\/es\/wp-json\/wp\/v2\/comments?post=16595"}],"version-history":[{"count":1,"href":"https:\/\/www.conselharan.org\/es\/wp-json\/wp\/v2\/posts\/16595\/revisions"}],"predecessor-version":[{"id":16596,"href":"https:\/\/www.conselharan.org\/es\/wp-json\/wp\/v2\/posts\/16595\/revisions\/16596"}],"wp:featuredmedia":[{"embeddable":true,"href":"https:\/\/www.conselharan.org\/es\/wp-json\/wp\/v2\/media\/16592"}],"wp:attachment":[{"href":"https:\/\/www.conselharan.org\/es\/wp-json\/wp\/v2\/media?parent=16595"}],"wp:term":[{"taxonomy":"category","embeddable":true,"href":"https:\/\/www.conselharan.org\/es\/wp-json\/wp\/v2\/categories?post=16595"},{"taxonomy":"post_tag","embeddable":true,"href":"https:\/\/www.conselharan.org\/es\/wp-json\/wp\/v2\/tags?post=16595"}],"curies":[{"name":"wp","href":"https:\/\/api.w.org\/{rel}","templated":true}]}}