{"id":16602,"date":"2017-03-24T16:15:21","date_gmt":"2017-03-24T15:15:21","guid":{"rendered":"http:\/\/www.conselharan.org\/es\/?p=16602"},"modified":"2017-03-24T16:15:21","modified_gmt":"2017-03-24T15:15:21","slug":"el-ciclo-romanic-musicau-del-valle-de-aran-arranca-en-semana-santa","status":"publish","type":"post","link":"https:\/\/www.conselharan.org\/es\/el-ciclo-romanic-musicau-del-valle-de-aran-arranca-en-semana-santa\/","title":{"rendered":"El Ciclo Romanic Musicau del Valle de Aran arranca en Semana Santa"},"content":{"rendered":"<p>Vielha, 24 de marzo de 2017.- El <strong>Romanic Musicau<\/strong> de visitas-concierto en las iglesias del Valle de Aran, es una f\u00f3rmula que combina explicaciones sobre las iglesias rom\u00e1nicas del Valle de Aran con conciertos de m\u00fasica cl\u00e1sica, en este ciclo consolidado, que vuelve esta Semana Santa para acercar a los turistas a la historia del patrimonio aran\u00e9s y mostrar la evoluci\u00f3n de los monumentos del Valle ligada a la de sus costumbres y sus tradiciones.<\/p>\n<p><a href=\"http:\/\/www.conselharan.org\/wp-content\/uploads\/2017\/03\/Romanic-Musicau-CONCERT-UNHA.jpg\"><img loading=\"lazy\" decoding=\"async\" class=\"size-full wp-image-16600\" src=\"http:\/\/www.conselharan.org\/wp-content\/uploads\/2017\/03\/Romanic-Musicau-CONCERT-UNHA.jpg\" alt=\"????????????????????????????????????\" width=\"602\" height=\"400\" srcset=\"https:\/\/www.conselharan.org\/wp-content\/uploads\/2017\/03\/Romanic-Musicau-CONCERT-UNHA.jpg 602w, https:\/\/www.conselharan.org\/wp-content\/uploads\/2017\/03\/Romanic-Musicau-CONCERT-UNHA-300x199.jpg 300w\" sizes=\"(max-width: 602px) 100vw, 602px\" \/><\/a><\/p>\n<p>La actividad comienza con un audiovisual sobre la iglesia donde se celebra, comentado por la historiadora Elisa Ros, experta en rom\u00e1nico aran\u00e9s y finaliza con un concierto de m\u00fasica cl\u00e1sica. Patrocinado por el <strong>Conselh Generau d\u2019Aran<\/strong> y <strong>Foment Torisme Val d&#8217;Aran<\/strong>, con la colaboraci\u00f3n del Instituto de Estudios Ilerdencs y el Arciprestazgo del Valle de Ar\u00e1n, este ciclo gratuito refuerza el programa de visitas guiadas al patrimonio que lleva a cabo el Conselh Generau d\u2019Aran.<\/p>\n<p>&nbsp;<\/p>\n<p><strong>Los conciertos de Semana Santa:<\/strong><\/p>\n<p><strong>Viernes 04\/14\/2017 &#8211; Iglesia de San Andr\u00e9s de Salard\u00fa &#8211; Hora: 20: 45h<\/strong><\/p>\n<p><strong>Domingo 04\/16\/2017 &#8211; Iglesia de la Purificaci\u00f3n de Boss\u00f2st &#8211; Hora: 19: 30h<\/strong><\/p>\n ","protected":false},"excerpt":{"rendered":"<p>Vielha, 24 de marzo de 2017.- El Romanic Musicau de visitas-concierto en las iglesias del Valle de Aran, es una f\u00f3rmula que combina explicaciones sobre las iglesias rom\u00e1nicas del Valle de Aran con conciertos de m\u00fasica cl\u00e1sica, en este ciclo consolidado, que vuelve esta Semana Santa para acercar a los turistas a la historia del&#8230;<\/p>\n","protected":false},"author":2,"featured_media":16600,"comment_status":"closed","ping_status":"closed","sticky":false,"template":"","format":"standard","meta":{"footnotes":""},"categories":[34],"tags":[],"_links":{"self":[{"href":"https:\/\/www.conselharan.org\/es\/wp-json\/wp\/v2\/posts\/16602"}],"collection":[{"href":"https:\/\/www.conselharan.org\/es\/wp-json\/wp\/v2\/posts"}],"about":[{"href":"https:\/\/www.conselharan.org\/es\/wp-json\/wp\/v2\/types\/post"}],"author":[{"embeddable":true,"href":"https:\/\/www.conselharan.org\/es\/wp-json\/wp\/v2\/users\/2"}],"replies":[{"embeddable":true,"href":"https:\/\/www.conselharan.org\/es\/wp-json\/wp\/v2\/comments?post=16602"}],"version-history":[{"count":1,"href":"https:\/\/www.conselharan.org\/es\/wp-json\/wp\/v2\/posts\/16602\/revisions"}],"predecessor-version":[{"id":16603,"href":"https:\/\/www.conselharan.org\/es\/wp-json\/wp\/v2\/posts\/16602\/revisions\/16603"}],"wp:featuredmedia":[{"embeddable":true,"href":"https:\/\/www.conselharan.org\/es\/wp-json\/wp\/v2\/media\/16600"}],"wp:attachment":[{"href":"https:\/\/www.conselharan.org\/es\/wp-json\/wp\/v2\/media?parent=16602"}],"wp:term":[{"taxonomy":"category","embeddable":true,"href":"https:\/\/www.conselharan.org\/es\/wp-json\/wp\/v2\/categories?post=16602"},{"taxonomy":"post_tag","embeddable":true,"href":"https:\/\/www.conselharan.org\/es\/wp-json\/wp\/v2\/tags?post=16602"}],"curies":[{"name":"wp","href":"https:\/\/api.w.org\/{rel}","templated":true}]}}