{"id":16648,"date":"2017-03-29T14:43:49","date_gmt":"2017-03-29T12:43:49","guid":{"rendered":"http:\/\/www.conselharan.org\/es\/?p=16648"},"modified":"2017-03-29T14:43:49","modified_gmt":"2017-03-29T12:43:49","slug":"final-nacional-de-esqui-alpino-de-catalunya-de-deporte-escolar-organizada-por-el-conselh-esportiu-dera-val-daran","status":"publish","type":"post","link":"https:\/\/www.conselharan.org\/es\/final-nacional-de-esqui-alpino-de-catalunya-de-deporte-escolar-organizada-por-el-conselh-esportiu-dera-val-daran\/","title":{"rendered":"Final Nacional de Esqu\u00ed Alpino de Catalunya de deporte escolar organizada por el Conselh Esportiu dera Val d\u2019Aran"},"content":{"rendered":"<p>Vielha, 29 de marzo de 2017.-\u00a0 El pasado Domingo 26 de marzo se disput\u00f3 en el Stadium de Beret, la Final Nacional de Esqu\u00ed Alpino de los Juegos Deportivos Escolares de Catalunya, coincidiendo con el final de la temporada de la XXXV Campa\u00f1a de Esqu\u00ed del Conselh Generau d\u2019Aran a trav\u00e9s del Conselh Esportiu, que este a\u00f1o ha contado con la participaci\u00f3n de cerca de 100 ni\u00f1os y ni\u00f1as de la Val d\u2019Aran.<\/p>\n<p><a href=\"http:\/\/www.conselharan.org\/wp-content\/uploads\/2017\/03\/WhatsApp-Image-2017-03-29-at-13.59.49.jpeg\"><img loading=\"lazy\" decoding=\"async\" class=\"aligncenter size-large wp-image-16645\" src=\"http:\/\/www.conselharan.org\/wp-content\/uploads\/2017\/03\/WhatsApp-Image-2017-03-29-at-13.59.49-1024x683.jpeg\" alt=\"WhatsApp Image 2017-03-29 at 13.59.49\" width=\"1024\" height=\"683\" srcset=\"https:\/\/www.conselharan.org\/wp-content\/uploads\/2017\/03\/WhatsApp-Image-2017-03-29-at-13.59.49-1024x683.jpeg 1024w, https:\/\/www.conselharan.org\/wp-content\/uploads\/2017\/03\/WhatsApp-Image-2017-03-29-at-13.59.49-300x200.jpeg 300w, https:\/\/www.conselharan.org\/wp-content\/uploads\/2017\/03\/WhatsApp-Image-2017-03-29-at-13.59.49-768x512.jpeg 768w, https:\/\/www.conselharan.org\/wp-content\/uploads\/2017\/03\/WhatsApp-Image-2017-03-29-at-13.59.49.jpeg 1600w\" sizes=\"(max-width: 1024px) 100vw, 1024px\" \/><\/a><\/p>\n<p><strong>M\u00e1s de 250 j\u00f3venes esquiadores de todas las categor\u00edas<\/strong>, desde benjamines hasta juveniles, procedentes de diferentes comarcas catalanas, disputaron la final organizada por el Conselh Esportiu dera Val d\u2019Aran con la colaboraci\u00f3n de los Consells Esportius de Catalunya, la Secretar\u00eda General de l\u2019Esport de la Generalitat de Catalunya y la estaci\u00f3n de esqu\u00ed de Baqueira-Beret.<\/p>\n<p>El vicesindic d\u2019Aran y conselh\u00e8r de Deportes y juventud del Gov\u00e8rn d\u2019Aran, <strong>Luis Carlos<\/strong> <strong>Medina<\/strong>, agradeci\u00f3 durante la entrega de premios la colaboraci\u00f3n de las entidades i administraciones en la organizaci\u00f3n de la competici\u00f3n, y anim\u00f3 a todos los j\u00f3venes deportistas a seguir form\u00e1ndose en los valores del esqu\u00ed.<\/p>\n<p style=\"text-align: center;\">\n<p style=\"text-align: center;\"><strong>Clasificaci\u00f3n CORSA CONSELH ESPORTIU DERA VAL D&#8217;ARAN<\/strong><\/p>\n<p style=\"text-align: center;\"><strong><a href=\"http:\/\/www.conselharan.org\/wp-content\/uploads\/2017\/03\/Clasificacion-Conselh-Esportiu-Vall-Daran.pdf\">http:\/\/www.conselharan.org\/wp-content\/uploads\/2017\/03\/Clasificacion-Conselh-Esportiu-Vall-Daran.pdf<\/a><\/strong><\/p>\n<p>&nbsp;<\/p>\n<p><a href=\"http:\/\/www.conselharan.org\/wp-content\/uploads\/2017\/03\/WhatsApp-Image-2017-03-29-at-13.59.51.jpeg\"><img loading=\"lazy\" decoding=\"async\" class=\"aligncenter size-large wp-image-16641\" src=\"http:\/\/www.conselharan.org\/wp-content\/uploads\/2017\/03\/WhatsApp-Image-2017-03-29-at-13.59.51-1024x683.jpeg\" alt=\"WhatsApp Image 2017-03-29 at 13.59.51\" width=\"1024\" height=\"683\" srcset=\"https:\/\/www.conselharan.org\/wp-content\/uploads\/2017\/03\/WhatsApp-Image-2017-03-29-at-13.59.51-1024x683.jpeg 1024w, https:\/\/www.conselharan.org\/wp-content\/uploads\/2017\/03\/WhatsApp-Image-2017-03-29-at-13.59.51-300x200.jpeg 300w, https:\/\/www.conselharan.org\/wp-content\/uploads\/2017\/03\/WhatsApp-Image-2017-03-29-at-13.59.51-768x512.jpeg 768w, https:\/\/www.conselharan.org\/wp-content\/uploads\/2017\/03\/WhatsApp-Image-2017-03-29-at-13.59.51.jpeg 1600w\" sizes=\"(max-width: 1024px) 100vw, 1024px\" \/><\/a> <a href=\"http:\/\/www.conselharan.org\/wp-content\/uploads\/2017\/03\/WhatsApp-Image-2017-03-29-at-13.59.524.jpeg\"><img loading=\"lazy\" decoding=\"async\" class=\"aligncenter size-large wp-image-16643\" src=\"http:\/\/www.conselharan.org\/wp-content\/uploads\/2017\/03\/WhatsApp-Image-2017-03-29-at-13.59.524-1024x1024.jpeg\" alt=\"WhatsApp Image 2017-03-29 at 13.59.524\" width=\"1024\" height=\"1024\" srcset=\"https:\/\/www.conselharan.org\/wp-content\/uploads\/2017\/03\/WhatsApp-Image-2017-03-29-at-13.59.524-1024x1024.jpeg 1024w, https:\/\/www.conselharan.org\/wp-content\/uploads\/2017\/03\/WhatsApp-Image-2017-03-29-at-13.59.524-150x150.jpeg 150w, https:\/\/www.conselharan.org\/wp-content\/uploads\/2017\/03\/WhatsApp-Image-2017-03-29-at-13.59.524-300x300.jpeg 300w, https:\/\/www.conselharan.org\/wp-content\/uploads\/2017\/03\/WhatsApp-Image-2017-03-29-at-13.59.524-768x768.jpeg 768w, https:\/\/www.conselharan.org\/wp-content\/uploads\/2017\/03\/WhatsApp-Image-2017-03-29-at-13.59.524-270x270.jpeg 270w, https:\/\/www.conselharan.org\/wp-content\/uploads\/2017\/03\/WhatsApp-Image-2017-03-29-at-13.59.524-207x207.jpeg 207w, https:\/\/www.conselharan.org\/wp-content\/uploads\/2017\/03\/WhatsApp-Image-2017-03-29-at-13.59.524-75x75.jpeg 75w, https:\/\/www.conselharan.org\/wp-content\/uploads\/2017\/03\/WhatsApp-Image-2017-03-29-at-13.59.524.jpeg 1318w\" sizes=\"(max-width: 1024px) 100vw, 1024px\" \/><\/a> <a href=\"http:\/\/www.conselharan.org\/wp-content\/uploads\/2017\/03\/WhatsApp-Image-2017-03-29-at-13.59.07.jpeg\"><img loading=\"lazy\" decoding=\"async\" class=\"aligncenter size-large wp-image-16644\" src=\"http:\/\/www.conselharan.org\/wp-content\/uploads\/2017\/03\/WhatsApp-Image-2017-03-29-at-13.59.07-1024x682.jpeg\" alt=\"WhatsApp Image 2017-03-29 at 13.59.07\" width=\"1024\" height=\"682\" srcset=\"https:\/\/www.conselharan.org\/wp-content\/uploads\/2017\/03\/WhatsApp-Image-2017-03-29-at-13.59.07-1024x682.jpeg 1024w, https:\/\/www.conselharan.org\/wp-content\/uploads\/2017\/03\/WhatsApp-Image-2017-03-29-at-13.59.07-300x200.jpeg 300w, https:\/\/www.conselharan.org\/wp-content\/uploads\/2017\/03\/WhatsApp-Image-2017-03-29-at-13.59.07-768x512.jpeg 768w, https:\/\/www.conselharan.org\/wp-content\/uploads\/2017\/03\/WhatsApp-Image-2017-03-29-at-13.59.07.jpeg 1600w\" sizes=\"(max-width: 1024px) 100vw, 1024px\" \/><\/a><\/p>\n<p>&nbsp;<\/p>\n<p>&nbsp;<\/p>\n<p>&nbsp;<\/p>\n<p>&nbsp;<\/p>\n<p>&nbsp;<\/p>\n ","protected":false},"excerpt":{"rendered":"<p>Vielha, 29 de marzo de 2017.-\u00a0 El pasado Domingo 26 de marzo se disput\u00f3 en el Stadium de Beret, la Final Nacional de Esqu\u00ed Alpino de los Juegos Deportivos Escolares de Catalunya, coincidiendo con el final de la temporada de la XXXV Campa\u00f1a de Esqu\u00ed del Conselh Generau d\u2019Aran a trav\u00e9s del Conselh Esportiu, que&#8230;<\/p>\n","protected":false},"author":2,"featured_media":16645,"comment_status":"closed","ping_status":"closed","sticky":false,"template":"","format":"standard","meta":{"footnotes":""},"categories":[135],"tags":[],"_links":{"self":[{"href":"https:\/\/www.conselharan.org\/es\/wp-json\/wp\/v2\/posts\/16648"}],"collection":[{"href":"https:\/\/www.conselharan.org\/es\/wp-json\/wp\/v2\/posts"}],"about":[{"href":"https:\/\/www.conselharan.org\/es\/wp-json\/wp\/v2\/types\/post"}],"author":[{"embeddable":true,"href":"https:\/\/www.conselharan.org\/es\/wp-json\/wp\/v2\/users\/2"}],"replies":[{"embeddable":true,"href":"https:\/\/www.conselharan.org\/es\/wp-json\/wp\/v2\/comments?post=16648"}],"version-history":[{"count":1,"href":"https:\/\/www.conselharan.org\/es\/wp-json\/wp\/v2\/posts\/16648\/revisions"}],"predecessor-version":[{"id":16649,"href":"https:\/\/www.conselharan.org\/es\/wp-json\/wp\/v2\/posts\/16648\/revisions\/16649"}],"wp:featuredmedia":[{"embeddable":true,"href":"https:\/\/www.conselharan.org\/es\/wp-json\/wp\/v2\/media\/16645"}],"wp:attachment":[{"href":"https:\/\/www.conselharan.org\/es\/wp-json\/wp\/v2\/media?parent=16648"}],"wp:term":[{"taxonomy":"category","embeddable":true,"href":"https:\/\/www.conselharan.org\/es\/wp-json\/wp\/v2\/categories?post=16648"},{"taxonomy":"post_tag","embeddable":true,"href":"https:\/\/www.conselharan.org\/es\/wp-json\/wp\/v2\/tags?post=16648"}],"curies":[{"name":"wp","href":"https:\/\/api.w.org\/{rel}","templated":true}]}}