{"id":16703,"date":"2017-03-31T14:46:30","date_gmt":"2017-03-31T12:46:30","guid":{"rendered":"http:\/\/www.conselharan.org\/es\/?p=16703"},"modified":"2017-03-31T14:46:30","modified_gmt":"2017-03-31T12:46:30","slug":"el-conselh-generau-daran-y-el-conseil-departemental-de-la-haute-garonne-impulsan-el-servicio-de-transporte-colectivo-transfronterizo","status":"publish","type":"post","link":"https:\/\/www.conselharan.org\/es\/el-conselh-generau-daran-y-el-conseil-departemental-de-la-haute-garonne-impulsan-el-servicio-de-transporte-colectivo-transfronterizo\/","title":{"rendered":"El Conselh Generau d\u2019Aran y el Conseil D\u00e9partemental de la Haute Garonne impulsan el servicio de transporte colectivo transfronterizo"},"content":{"rendered":"<p>Vielha, 31 de marzo de 2017.- El Conselh Generau d\u2019Aran y el Conseil D\u00e9partemental de la Haute Garonne pondr\u00e1n en funcionamiento <strong>el pr\u00f3ximo 18 de abril el servicio de transporte p\u00fablico de viajeros entre la Val d&#8217;Aran y Comminges<\/strong> con el objetivo de facilitar los desplazamientos de los usuarios del transporte p\u00fablico transfronterizo.<\/p>\n<p><a href=\"http:\/\/www.conselharan.org\/wp-content\/uploads\/2017\/03\/file-4-e1490963229348.jpeg\"><img loading=\"lazy\" decoding=\"async\" class=\"aligncenter size-large wp-image-16690\" src=\"http:\/\/www.conselharan.org\/wp-content\/uploads\/2017\/03\/file-4-1024x768.jpeg\" alt=\"file\" width=\"1024\" height=\"768\" \/><\/a><\/p>\n<p>El acuerdo al que han llegado ambas administraciones cuenta con la participaci\u00f3n de las dos empresas que ofrecen el servicio de las l\u00edneas actualmente existentes a uno y otro lado del Pirineo. En el caso del Valle de Aran la empresa ALSA y en el caso franc\u00e9s la empresa EPTR.<\/p>\n<p>Los horarios de conexi\u00f3n transfronteriza ser\u00e1n los habituales de las l\u00edneas actuales en el caso del Valle de Aran, desde Baqueira hasta Les, con conexi\u00f3n hasta St. Gaudens por parte de la compa\u00f1\u00eda francesa.<\/p>\n<p>El precio del billete sencillo ser\u00e1 el mismo que hasta ahora abonan los usuarios de este servicio dentro de la Val d&#8217;Aran, que es de 1,10 \u20ac por el trayecto entre Baqueira y Les. El precio del viaje hasta St. Gaudens ser\u00e1 de 2,20 \u20ac. Se mantendr\u00e1n los horarios actuales de lunes a viernes.<\/p>\n<p>Ambas administraciones est\u00e1n estudiando cu\u00e1l ser\u00e1 el servicio que se ofrecer\u00e1 durante los fines de semana.<\/p>\n<p>La puesta en marcha de este servicio es para dar respuesta a la demanda de los ciudadanos de establecer una l\u00ednea de transporte p\u00fablico colectivo que permita desplazarse desde la regi\u00f3n de Comminges hasta el Valle de Ar\u00e1n, como ya hab\u00eda existido a principios del siglo pasado con el tranv\u00eda que enlazaba estos dos territorios.<\/p>\n<p><a href=\"http:\/\/www.conselharan.org\/wp-content\/uploads\/2017\/03\/Tranvia-Val-dAran-1.jpg\"><img loading=\"lazy\" decoding=\"async\" class=\"aligncenter size-full wp-image-16701\" src=\"http:\/\/www.conselharan.org\/wp-content\/uploads\/2017\/03\/Tranvia-Val-dAran-1.jpg\" alt=\"Tranvia Val d'Aran 1\" width=\"567\" height=\"396\" srcset=\"https:\/\/www.conselharan.org\/wp-content\/uploads\/2017\/03\/Tranvia-Val-dAran-1.jpg 567w, https:\/\/www.conselharan.org\/wp-content\/uploads\/2017\/03\/Tranvia-Val-dAran-1-300x210.jpg 300w\" sizes=\"(max-width: 567px) 100vw, 567px\" \/><\/a><\/p>\n<p>La intenci\u00f3n del Gobierno d\u2019Aran y del Conseil D\u00e9partemental de la Haute Garonne, es que en un futuro este servicio de transporte conecte tambi\u00e9n desde St. Gaudens hasta Toulouse por tren.<\/p>\n ","protected":false},"excerpt":{"rendered":"<p>Vielha, 31 de marzo de 2017.- El Conselh Generau d\u2019Aran y el Conseil D\u00e9partemental de la Haute Garonne pondr\u00e1n en funcionamiento el pr\u00f3ximo 18 de abril el servicio de transporte p\u00fablico de viajeros entre la Val d&#8217;Aran y Comminges con el objetivo de facilitar los desplazamientos de los usuarios del transporte p\u00fablico transfronterizo. El acuerdo&#8230;<\/p>\n","protected":false},"author":2,"featured_media":16690,"comment_status":"closed","ping_status":"closed","sticky":false,"template":"","format":"standard","meta":{"footnotes":""},"categories":[52,37],"tags":[],"_links":{"self":[{"href":"https:\/\/www.conselharan.org\/es\/wp-json\/wp\/v2\/posts\/16703"}],"collection":[{"href":"https:\/\/www.conselharan.org\/es\/wp-json\/wp\/v2\/posts"}],"about":[{"href":"https:\/\/www.conselharan.org\/es\/wp-json\/wp\/v2\/types\/post"}],"author":[{"embeddable":true,"href":"https:\/\/www.conselharan.org\/es\/wp-json\/wp\/v2\/users\/2"}],"replies":[{"embeddable":true,"href":"https:\/\/www.conselharan.org\/es\/wp-json\/wp\/v2\/comments?post=16703"}],"version-history":[{"count":1,"href":"https:\/\/www.conselharan.org\/es\/wp-json\/wp\/v2\/posts\/16703\/revisions"}],"predecessor-version":[{"id":16704,"href":"https:\/\/www.conselharan.org\/es\/wp-json\/wp\/v2\/posts\/16703\/revisions\/16704"}],"wp:featuredmedia":[{"embeddable":true,"href":"https:\/\/www.conselharan.org\/es\/wp-json\/wp\/v2\/media\/16690"}],"wp:attachment":[{"href":"https:\/\/www.conselharan.org\/es\/wp-json\/wp\/v2\/media?parent=16703"}],"wp:term":[{"taxonomy":"category","embeddable":true,"href":"https:\/\/www.conselharan.org\/es\/wp-json\/wp\/v2\/categories?post=16703"},{"taxonomy":"post_tag","embeddable":true,"href":"https:\/\/www.conselharan.org\/es\/wp-json\/wp\/v2\/tags?post=16703"}],"curies":[{"name":"wp","href":"https:\/\/api.w.org\/{rel}","templated":true}]}}