{"id":16725,"date":"2017-03-31T15:19:58","date_gmt":"2017-03-31T13:19:58","guid":{"rendered":"http:\/\/www.conselharan.org\/es\/?p=16725"},"modified":"2017-03-31T15:20:20","modified_gmt":"2017-03-31T13:20:20","slug":"el-conselh-generau-daran-recupera-el-camino-real-en-vilamos-y-es-bordes","status":"publish","type":"post","link":"https:\/\/www.conselharan.org\/es\/el-conselh-generau-daran-recupera-el-camino-real-en-vilamos-y-es-bordes\/","title":{"rendered":"El Conselh Generau d\u2019Aran recupera el Camino Real en Vilam\u00f2s y Es B\u00f2rdes  \u00a0"},"content":{"rendered":"<p>Vielha, 31 de marzo de 2017.- El <strong>Conselh Generau d\u2019Aran<\/strong> por medio de la empresa <strong>Barba S.L.<\/strong>, ha realizado una serie de actuaciones con el objetivo de recuperar el tramo del Camino Reiau en los t\u00e9rminos municipales de Vilam\u00f2s y de Es B\u00f2rdes da\u00f1ado por las riadas del a\u00f1o 2013.<\/p>\n<p><a href=\"http:\/\/www.conselharan.org\/wp-content\/uploads\/2017\/03\/IMG_6266.jpg\"><img loading=\"lazy\" decoding=\"async\" class=\"aligncenter size-large wp-image-16722\" src=\"http:\/\/www.conselharan.org\/wp-content\/uploads\/2017\/03\/IMG_6266-1024x768.jpg\" alt=\"IMG_6266\" width=\"1024\" height=\"768\" srcset=\"https:\/\/www.conselharan.org\/wp-content\/uploads\/2017\/03\/IMG_6266.jpg 1024w, https:\/\/www.conselharan.org\/wp-content\/uploads\/2017\/03\/IMG_6266-300x225.jpg 300w, https:\/\/www.conselharan.org\/wp-content\/uploads\/2017\/03\/IMG_6266-768x576.jpg 768w\" sizes=\"(max-width: 1024px) 100vw, 1024px\" \/><\/a><\/p>\n<p>El Conselh Generau d\u2019Aran ha destinado a este proyecto <strong>385.000 \u20ac<\/strong>, provenientes de las subvenciones financiadas al 50% por el Gobierno de la <strong>Generalitat de Catalunya<\/strong> y la empresa <strong>Endesa<\/strong> para la restituci\u00f3n de los desperfectos que provocaron las riadas en la Val d\u2019Aran.<\/p>\n<p>La actuaci\u00f3n ha consistido en la segurizaci\u00f3n de la escollera de Es B\u00f2rdes, adem\u00e1s de las obras de reparaci\u00f3n y protecci\u00f3n del margen izquierdo del r\u00edo Garona y para rehacer el tramo de Camino Reiau en los t\u00e9rminos de Vilam\u00f2s y Es B\u00f2rdes. En total se han removido m\u00e1s de 27.000 metros c\u00fabicos de piedra.<\/p>\n<p><a href=\"http:\/\/www.conselharan.org\/wp-content\/uploads\/2017\/03\/IMG_6271.jpg\"><img loading=\"lazy\" decoding=\"async\" class=\"aligncenter size-large wp-image-16723\" src=\"http:\/\/www.conselharan.org\/wp-content\/uploads\/2017\/03\/IMG_6271-1024x768.jpg\" alt=\"IMG_6271\" width=\"1024\" height=\"768\" srcset=\"https:\/\/www.conselharan.org\/wp-content\/uploads\/2017\/03\/IMG_6271.jpg 1024w, https:\/\/www.conselharan.org\/wp-content\/uploads\/2017\/03\/IMG_6271-300x225.jpg 300w, https:\/\/www.conselharan.org\/wp-content\/uploads\/2017\/03\/IMG_6271-768x576.jpg 768w\" sizes=\"(max-width: 1024px) 100vw, 1024px\" \/><\/a><\/p>\n ","protected":false},"excerpt":{"rendered":"<p>Vielha, 31 de marzo de 2017.- El Conselh Generau d\u2019Aran por medio de la empresa Barba S.L., ha realizado una serie de actuaciones con el objetivo de recuperar el tramo del Camino Reiau en los t\u00e9rminos municipales de Vilam\u00f2s y de Es B\u00f2rdes da\u00f1ado por las riadas del a\u00f1o 2013. El Conselh Generau d\u2019Aran ha&#8230;<\/p>\n","protected":false},"author":2,"featured_media":16722,"comment_status":"closed","ping_status":"closed","sticky":false,"template":"","format":"standard","meta":{"footnotes":""},"categories":[52],"tags":[],"_links":{"self":[{"href":"https:\/\/www.conselharan.org\/es\/wp-json\/wp\/v2\/posts\/16725"}],"collection":[{"href":"https:\/\/www.conselharan.org\/es\/wp-json\/wp\/v2\/posts"}],"about":[{"href":"https:\/\/www.conselharan.org\/es\/wp-json\/wp\/v2\/types\/post"}],"author":[{"embeddable":true,"href":"https:\/\/www.conselharan.org\/es\/wp-json\/wp\/v2\/users\/2"}],"replies":[{"embeddable":true,"href":"https:\/\/www.conselharan.org\/es\/wp-json\/wp\/v2\/comments?post=16725"}],"version-history":[{"count":2,"href":"https:\/\/www.conselharan.org\/es\/wp-json\/wp\/v2\/posts\/16725\/revisions"}],"predecessor-version":[{"id":16727,"href":"https:\/\/www.conselharan.org\/es\/wp-json\/wp\/v2\/posts\/16725\/revisions\/16727"}],"wp:featuredmedia":[{"embeddable":true,"href":"https:\/\/www.conselharan.org\/es\/wp-json\/wp\/v2\/media\/16722"}],"wp:attachment":[{"href":"https:\/\/www.conselharan.org\/es\/wp-json\/wp\/v2\/media?parent=16725"}],"wp:term":[{"taxonomy":"category","embeddable":true,"href":"https:\/\/www.conselharan.org\/es\/wp-json\/wp\/v2\/categories?post=16725"},{"taxonomy":"post_tag","embeddable":true,"href":"https:\/\/www.conselharan.org\/es\/wp-json\/wp\/v2\/tags?post=16725"}],"curies":[{"name":"wp","href":"https:\/\/api.w.org\/{rel}","templated":true}]}}