{"id":16757,"date":"2017-04-03T10:17:52","date_gmt":"2017-04-03T08:17:52","guid":{"rendered":"http:\/\/www.conselharan.org\/es\/?p=16757"},"modified":"2017-04-03T10:17:52","modified_gmt":"2017-04-03T08:17:52","slug":"fantasticos-resultados-del-club-karate-aran-en-el-37o-campeonato-nacional-de-karate-kyokushin-kwf","status":"publish","type":"post","link":"https:\/\/www.conselharan.org\/es\/fantasticos-resultados-del-club-karate-aran-en-el-37o-campeonato-nacional-de-karate-kyokushin-kwf\/","title":{"rendered":"Fant\u00e1sticos resultados del club Karate Aran en el 37\u00ba Campeonato Nacional de Karate Kyokushin KWF"},"content":{"rendered":"<p><img loading=\"lazy\" decoding=\"async\" class=\"aligncenter size-full wp-image-16751\" src=\"http:\/\/www.conselharan.org\/wp-content\/uploads\/2017\/04\/karate-aran.jpg\" alt=\"karate aran\" width=\"960\" height=\"720\" srcset=\"https:\/\/www.conselharan.org\/wp-content\/uploads\/2017\/04\/karate-aran.jpg 960w, https:\/\/www.conselharan.org\/wp-content\/uploads\/2017\/04\/karate-aran-300x225.jpg 300w, https:\/\/www.conselharan.org\/wp-content\/uploads\/2017\/04\/karate-aran-768x576.jpg 768w\" sizes=\"(max-width: 960px) 100vw, 960px\" \/><\/p>\n<p>&nbsp;<\/p>\n<p>El <strong>club Karate Aran<\/strong> particip\u00f3 el pasado s\u00e1bado, 1 de abril, en el 37\u00ba Campeonato Nacional de Karate Kyokushin KWF, en la ciudad Bilbao.<\/p>\n<p>Los alumnos, <strong>Beltr\u00e1n Bascones<\/strong> y<strong> Denis Dumitrascu<\/strong>, conseguieron clasificarse en el 2\u00ba y 3r lugar en las categor\u00edas de kumite de 12-13 a\u00f1os -40 kg y + 60 kg.<\/p>\n<p>&nbsp;<\/p>\n<p><img loading=\"lazy\" decoding=\"async\" class=\"aligncenter size-full wp-image-16752\" src=\"http:\/\/www.conselharan.org\/wp-content\/uploads\/2017\/04\/karate-aran-victor-puente.jpg\" alt=\"karate aran- victor puente\" width=\"756\" height=\"549\" srcset=\"https:\/\/www.conselharan.org\/wp-content\/uploads\/2017\/04\/karate-aran-victor-puente.jpg 756w, https:\/\/www.conselharan.org\/wp-content\/uploads\/2017\/04\/karate-aran-victor-puente-300x218.jpg 300w\" sizes=\"(max-width: 756px) 100vw, 756px\" \/><\/p>\n<p>&nbsp;<\/p>\n<p>El resto de los competidores, <strong>V\u00edctor Puente, Marc Cornejo<\/strong> y<strong> Razvan Simi\u00f3n<\/strong> consiguieron dos 5\u00ba puestos y 6\u00ba puesto en la categor\u00eda 10-11 a\u00f1os, -35kg y + 45 kg.<\/p>\n<p>&nbsp;<\/p>\n<p><img loading=\"lazy\" decoding=\"async\" class=\"aligncenter size-full wp-image-16753\" src=\"http:\/\/www.conselharan.org\/wp-content\/uploads\/2017\/04\/karate-aran-marc-cornejo.jpg\" alt=\"karate aran-marc cornejo\" width=\"742\" height=\"590\" srcset=\"https:\/\/www.conselharan.org\/wp-content\/uploads\/2017\/04\/karate-aran-marc-cornejo.jpg 742w, https:\/\/www.conselharan.org\/wp-content\/uploads\/2017\/04\/karate-aran-marc-cornejo-300x239.jpg 300w\" sizes=\"(max-width: 742px) 100vw, 742px\" \/><\/p>\n<p>&nbsp;<\/p>\n<p>El Shihan y profesor de la Escuela de Karate del Palai de G\u00e8u de Vielha, <strong>\u00c1ngel Mateo<\/strong>, agradeci\u00f3 al Sempai, Oscar Sol\u00e9, su apoyo t\u00e9cnico en el campeonato como \u00e1rbitro oficial del mismo y el reconocimiento por la ayuda prestada por el Conselh Generau d\u2019Aran a este proyecto.<\/p>\n<p>&nbsp;<\/p>\n<p>&nbsp;<\/p>\n<p>&nbsp;<\/p>\n<p>&nbsp;<\/p>\n<p>Vielha, 3 de abril de 2017<\/p>\n<p>&nbsp;<\/p>\n<p><em>Conselh Generau d&#8217;Aran: N\u00faria Sanjuan<\/em><\/p>\n<p><em>Fuente y fotos: Club Karate Aran<\/em><\/p>\n ","protected":false},"excerpt":{"rendered":"<p>&nbsp; El club Karate Aran particip\u00f3 el pasado s\u00e1bado, 1 de abril, en el 37\u00ba Campeonato Nacional de Karate Kyokushin KWF, en la ciudad Bilbao. Los alumnos, Beltr\u00e1n Bascones y Denis Dumitrascu, conseguieron clasificarse en el 2\u00ba y 3r lugar en las categor\u00edas de kumite de 12-13 a\u00f1os -40 kg y + 60 kg. &nbsp;&#8230;<\/p>\n","protected":false},"author":2,"featured_media":16751,"comment_status":"closed","ping_status":"closed","sticky":false,"template":"","format":"standard","meta":{"footnotes":""},"categories":[135],"tags":[],"_links":{"self":[{"href":"https:\/\/www.conselharan.org\/es\/wp-json\/wp\/v2\/posts\/16757"}],"collection":[{"href":"https:\/\/www.conselharan.org\/es\/wp-json\/wp\/v2\/posts"}],"about":[{"href":"https:\/\/www.conselharan.org\/es\/wp-json\/wp\/v2\/types\/post"}],"author":[{"embeddable":true,"href":"https:\/\/www.conselharan.org\/es\/wp-json\/wp\/v2\/users\/2"}],"replies":[{"embeddable":true,"href":"https:\/\/www.conselharan.org\/es\/wp-json\/wp\/v2\/comments?post=16757"}],"version-history":[{"count":1,"href":"https:\/\/www.conselharan.org\/es\/wp-json\/wp\/v2\/posts\/16757\/revisions"}],"predecessor-version":[{"id":16758,"href":"https:\/\/www.conselharan.org\/es\/wp-json\/wp\/v2\/posts\/16757\/revisions\/16758"}],"wp:featuredmedia":[{"embeddable":true,"href":"https:\/\/www.conselharan.org\/es\/wp-json\/wp\/v2\/media\/16751"}],"wp:attachment":[{"href":"https:\/\/www.conselharan.org\/es\/wp-json\/wp\/v2\/media?parent=16757"}],"wp:term":[{"taxonomy":"category","embeddable":true,"href":"https:\/\/www.conselharan.org\/es\/wp-json\/wp\/v2\/categories?post=16757"},{"taxonomy":"post_tag","embeddable":true,"href":"https:\/\/www.conselharan.org\/es\/wp-json\/wp\/v2\/tags?post=16757"}],"curies":[{"name":"wp","href":"https:\/\/api.w.org\/{rel}","templated":true}]}}