{"id":16779,"date":"2017-04-05T14:38:41","date_gmt":"2017-04-05T12:38:41","guid":{"rendered":"http:\/\/www.conselharan.org\/es\/?p=16779"},"modified":"2017-04-05T15:12:23","modified_gmt":"2017-04-05T13:12:23","slug":"buenos-resultados-de-la-seccion-de-sonowboard-del-caei-en-el-trofeo-nacional-sbx-st-moritz","status":"publish","type":"post","link":"https:\/\/www.conselharan.org\/es\/buenos-resultados-de-la-seccion-de-sonowboard-del-caei-en-el-trofeo-nacional-sbx-st-moritz\/","title":{"rendered":"Buenos resultados de la secci\u00f3n de Snowboard del CAEI en el \u201cTrofeo Nacional SBX St. Moritz\u201d"},"content":{"rendered":"<p>\u2022<strong> El aran\u00e9s, Oriol Filella, obtuvo el subcampeonato en la categor\u00eda U-15 Masculino<\/strong><\/p>\n<p><strong>\u2022 En la categor\u00eda U-15 Femenino, las aranesas, Sara Don\u00e9s, se proclam\u00f3 campeona de la categor\u00eda y Anna Le\u00f3n venci\u00f3 en la \u201cSmall Final\u201d<\/strong><\/p>\n<p><strong>\u2022 El aran\u00e9s, Guilhem Berini, finaliz\u00f3 en la 7\u00aa posici\u00f3n en la categor\u00eda U-17 Masculino<\/strong><\/p>\n<p>&nbsp;<\/p>\n<p><img loading=\"lazy\" decoding=\"async\" class=\"aligncenter size-large wp-image-16775\" src=\"http:\/\/www.conselharan.org\/wp-content\/uploads\/2017\/04\/P1170383-1024x860.jpg\" alt=\"P1170383\" width=\"1024\" height=\"860\" srcset=\"https:\/\/www.conselharan.org\/wp-content\/uploads\/2017\/04\/P1170383-1024x860.jpg 1024w, https:\/\/www.conselharan.org\/wp-content\/uploads\/2017\/04\/P1170383-300x252.jpg 300w, https:\/\/www.conselharan.org\/wp-content\/uploads\/2017\/04\/P1170383-768x645.jpg 768w\" sizes=\"(max-width: 1024px) 100vw, 1024px\" \/><\/p>\n<p>&nbsp;<\/p>\n<p>El pasado domingo, 2 de abril, se celebr\u00f3 el Campeonato Nacional Andorrano de SBX en la estaci\u00f3n de esqu\u00ed de Ordino-Arcal\u00eds.<\/p>\n<p>Amaneci\u00f3 nevando, con viento y falta de relieve por momentos y temperaturas de -3\u00baC en el circuito, generando as\u00ed que los corredores tuvieran que agudizar sus sentidos al m\u00e1ximo de sus posibilidades para sacar el mejor partido en las mangas de clasificaci\u00f3n.<\/p>\n<p>El circuito construido espec\u00edficamente para el desarrollo del SBX, supuso un esfuerzo plus por parte de las corredoras y corredores para adaptarse a un trazado bastante exigente.<\/p>\n<p>El <strong>Club Aran\u00e9s d\u2019Esp\u00f2rts d\u2019Iu\u00e8rn (CAEI)<\/strong> acudi\u00f3 a la cita con ganas de medirse en el SBX a los mejores corredores nacionales de esta disciplina, que esta temporada reuni\u00f3 a 86 inscritos.<\/p>\n<p>El club ECOA y la FAE organizan cada a\u00f1o este evento exclusivamente en la disciplina de boardercross desde la categor\u00eda U-10 hasta S\u00e9nior.<\/p>\n<p>Riders andorranos, franceses y estatales provenientes de diferentes partes de todo el Pirineo se re\u00fanen cada a\u00f1o en este circuito para medir sus fuerzas y poner en alza la disciplina del boardercross que tanto auge est\u00e1 cogiendo en las \u00faltimas temporadas.<\/p>\n<p>El boardercross consist\u00eda en un circuito con diferentes curvas peraltadas y dubies, adem\u00e1s de 3 kickers. En los saltos los m\u00e1s peque\u00f1os pudieron elegir entre saltar o absorber en todos ellos, en cambio los m\u00e1s mayores disfrutaron saltando durante el recorrido del trazado.<\/p>\n<p>En las finales pudimos disfrutar de m\u00e1s momentos de visibilidad y relieve provocando que los K.O.S fuesen m\u00e1s din\u00e1micos y espectaculares.<br \/>\nFinalmente para cerrar la prueba se hicieron sorteos y regalos en la entrega de premios en el p\u00f3dium del chalet ECOA.<\/p>\n<p>&nbsp;<\/p>\n<p><span style=\"text-decoration: underline;\"><strong>La secci\u00f3n de snowboard se adjudico 2 p\u00f3diums en la prueba de SBX:<\/strong><\/span><\/p>\n<p>El aran\u00e9s,<strong> Oriol Filella<\/strong>, obtuvo el subcampeonato en la categor\u00eda U-15 Masculino.<\/p>\n<p>Y en la categor\u00eda U-15 Femenino, las aranesas, <strong>Sara Don\u00e9s<\/strong>, se proclam\u00f3 campeona de la categor\u00eda y <strong>Anna Le\u00f3n<\/strong> venci\u00f3 en la \u201cSmall Final\u201d.<\/p>\n<p>Por su parte, el tambi\u00e9n aran\u00e9s, <strong>Guilhem Berini<\/strong>, finaliz\u00f3 en la 7\u00aa posici\u00f3n en la categor\u00eda U-17 Masculino.<\/p>\n<p>&nbsp;<\/p>\n<p>&nbsp;<\/p>\n<p>&nbsp;<\/p>\n<p>&nbsp;<\/p>\n<p>Vielha, 5 de abril de 2017<\/p>\n<p>&nbsp;<\/p>\n<p><em>Conselh Generau d&#8217;Aran: N\u00faria Sanjuan<\/em><\/p>\n<p><em>Fuente y foto: CAEI<\/em><\/p>\n ","protected":false},"excerpt":{"rendered":"<p>\u2022 El aran\u00e9s, Oriol Filella, obtuvo el subcampeonato en la categor\u00eda U-15 Masculino \u2022 En la categor\u00eda U-15 Femenino, las aranesas, Sara Don\u00e9s, se proclam\u00f3 campeona de la categor\u00eda y Anna Le\u00f3n venci\u00f3 en la \u201cSmall Final\u201d \u2022 El aran\u00e9s, Guilhem Berini, finaliz\u00f3 en la 7\u00aa posici\u00f3n en la categor\u00eda U-17 Masculino &nbsp; &nbsp; El&#8230;<\/p>\n","protected":false},"author":2,"featured_media":16775,"comment_status":"closed","ping_status":"closed","sticky":false,"template":"","format":"standard","meta":{"footnotes":""},"categories":[135],"tags":[],"_links":{"self":[{"href":"https:\/\/www.conselharan.org\/es\/wp-json\/wp\/v2\/posts\/16779"}],"collection":[{"href":"https:\/\/www.conselharan.org\/es\/wp-json\/wp\/v2\/posts"}],"about":[{"href":"https:\/\/www.conselharan.org\/es\/wp-json\/wp\/v2\/types\/post"}],"author":[{"embeddable":true,"href":"https:\/\/www.conselharan.org\/es\/wp-json\/wp\/v2\/users\/2"}],"replies":[{"embeddable":true,"href":"https:\/\/www.conselharan.org\/es\/wp-json\/wp\/v2\/comments?post=16779"}],"version-history":[{"count":2,"href":"https:\/\/www.conselharan.org\/es\/wp-json\/wp\/v2\/posts\/16779\/revisions"}],"predecessor-version":[{"id":16789,"href":"https:\/\/www.conselharan.org\/es\/wp-json\/wp\/v2\/posts\/16779\/revisions\/16789"}],"wp:featuredmedia":[{"embeddable":true,"href":"https:\/\/www.conselharan.org\/es\/wp-json\/wp\/v2\/media\/16775"}],"wp:attachment":[{"href":"https:\/\/www.conselharan.org\/es\/wp-json\/wp\/v2\/media?parent=16779"}],"wp:term":[{"taxonomy":"category","embeddable":true,"href":"https:\/\/www.conselharan.org\/es\/wp-json\/wp\/v2\/categories?post=16779"},{"taxonomy":"post_tag","embeddable":true,"href":"https:\/\/www.conselharan.org\/es\/wp-json\/wp\/v2\/tags?post=16779"}],"curies":[{"name":"wp","href":"https:\/\/api.w.org\/{rel}","templated":true}]}}