{"id":16792,"date":"2017-04-05T15:25:34","date_gmt":"2017-04-05T13:25:34","guid":{"rendered":"http:\/\/www.conselharan.org\/es\/?p=16792"},"modified":"2017-04-05T15:25:34","modified_gmt":"2017-04-05T13:25:34","slug":"exposicion-sobre-las-iglesias-aranesas-gleises-en-cornaenclinc-dera-val-daran","status":"publish","type":"post","link":"https:\/\/www.conselharan.org\/es\/exposicion-sobre-las-iglesias-aranesas-gleises-en-cornaenclinc-dera-val-daran\/","title":{"rendered":"Exposici\u00f3n sobre las iglesias aranesas: \u00abGl\u00e8ises en cornaenclinc dera Val d\u2019Aran\u201d"},"content":{"rendered":"<p>\u2022<strong> La exposici\u00f3n recoge el trabajo realizado por los estudiantes de la Escuela Superior de Arquitectura de la Universidad Rovira i Virgili de Reus des del 2011 hasta la actualidad<\/strong><\/p>\n<p>&nbsp;<\/p>\n<p><img loading=\"lazy\" decoding=\"async\" class=\"aligncenter size-full wp-image-16783\" src=\"http:\/\/www.conselharan.org\/wp-content\/uploads\/2017\/04\/IMG_20170329_191943.jpg\" alt=\"IMG_20170329_191943\" width=\"994\" height=\"745\" srcset=\"https:\/\/www.conselharan.org\/wp-content\/uploads\/2017\/04\/IMG_20170329_191943.jpg 994w, https:\/\/www.conselharan.org\/wp-content\/uploads\/2017\/04\/IMG_20170329_191943-300x225.jpg 300w, https:\/\/www.conselharan.org\/wp-content\/uploads\/2017\/04\/IMG_20170329_191943-768x576.jpg 768w\" sizes=\"(max-width: 994px) 100vw, 994px\" \/><\/p>\n<p>&nbsp;<\/p>\n<p>El pasado 29 de marzo, la Sala polivalente del Centro C\u00edvico \u00abEl Passeig\u00bb de la Seu d&#8217;Urgell acogi\u00f3 la inauguraci\u00f3n de la exposici\u00f3n sobre las iglesias aranesas: <strong>\u00abGl\u00e8ises en cornaenclinc dera Val d\u2019Aran\u00bb<\/strong>, trabajo realizado por los estudiantes de la Escuela Superior de Arquitectura de la Universidad Rovira i Virgili de Reus des del 2011 hasta la actualidad.<\/p>\n<p>El llevar esta exposici\u00f3n a la Seu d\u2019Urgell ha sido por la petici\u00f3n de la Delegaci\u00f3n del Colegio de Arquitectos de Catalu\u00f1a del Alt Pirineu y Aran as\u00ed como de llevar toda esta informaci\u00f3n a la sede del Arzobispado de Urgell.<\/p>\n<p>&nbsp;<\/p>\n<p><img loading=\"lazy\" decoding=\"async\" class=\"aligncenter size-full wp-image-16784\" src=\"http:\/\/www.conselharan.org\/wp-content\/uploads\/2017\/04\/IMG_20170329_194550.jpg\" alt=\"IMG_20170329_194550\" width=\"994\" height=\"745\" srcset=\"https:\/\/www.conselharan.org\/wp-content\/uploads\/2017\/04\/IMG_20170329_194550.jpg 994w, https:\/\/www.conselharan.org\/wp-content\/uploads\/2017\/04\/IMG_20170329_194550-300x225.jpg 300w, https:\/\/www.conselharan.org\/wp-content\/uploads\/2017\/04\/IMG_20170329_194550-768x576.jpg 768w\" sizes=\"(max-width: 994px) 100vw, 994px\" \/><\/p>\n<p>&nbsp;<\/p>\n<p>Entre los presentes al acto: <strong>Monse\u00f1or Josep Maria Mauri<\/strong>, vicario general del Obispado, <strong>Moss\u00e8n Pere Balagu\u00e9<\/strong>, arcipreste de la Val d\u2019Aran, <strong>Moss\u00e8n Jus\u00e8p Amiell<\/strong>, y <strong>Josep Llu\u00eds i Ginovart, Agust\u00ed Costa, Sergio Coll<\/strong>, de las Escuelas Superiores de Arquitectura de las Universidades Rovira i Virgili y Universidad Internacional de Catalu\u00f1a, con los m\u00e1s de 120 estudiantes que ya han aportado sus dibujos, estudios y conclusiones, sobre las construcciones y patolog\u00edas de estas iglesias, la regidora de Cultura del Ayuntamiento de la Seu d&#8217;Urgell, <strong>Mireia Font<\/strong> y <strong>Ricard Lobo<\/strong>, delegado del Colegio de Arquitectos de Catalu\u00f1a entre otros.<\/p>\n<p>&nbsp;<\/p>\n<p><img loading=\"lazy\" decoding=\"async\" class=\"aligncenter size-full wp-image-16785\" src=\"http:\/\/www.conselharan.org\/wp-content\/uploads\/2017\/04\/IMG_20170329_194821.jpg\" alt=\"IMG_20170329_194821\" width=\"994\" height=\"745\" srcset=\"https:\/\/www.conselharan.org\/wp-content\/uploads\/2017\/04\/IMG_20170329_194821.jpg 994w, https:\/\/www.conselharan.org\/wp-content\/uploads\/2017\/04\/IMG_20170329_194821-300x225.jpg 300w, https:\/\/www.conselharan.org\/wp-content\/uploads\/2017\/04\/IMG_20170329_194821-768x576.jpg 768w\" sizes=\"(max-width: 994px) 100vw, 994px\" \/><\/p>\n<p>&nbsp;<\/p>\n<p>Por parte del Conselh Generau d\u2019Aran asistieron <strong>J\u00e8p de Montoya<\/strong> y <strong>Elisa Ros<\/strong> que explicaron todo el proceso llevado a cabo durante estos seis a\u00f1os des del Conselh Generau junto con el Obispado y las Universidades y dejaron de manifiesto la intenci\u00f3n de la instituci\u00f3n de trabajar creando el expediente para que alg\u00fan d\u00eda la Val d\u2019Aran pueda pedir a la UNESCO la Declaraci\u00f3n de Patrimonio de la Humanidad.<\/p>\n<p>&nbsp;<\/p>\n<p>&nbsp;<\/p>\n<p>&nbsp;<\/p>\n<p>&nbsp;<\/p>\n<p>&nbsp;<\/p>\n<p>Vielha, 5 de abril de 2017<\/p>\n<p>&nbsp;<\/p>\n<p><em>Conselh Generau d&#8217;Aran: N\u00faria Sanjuan<\/em><\/p>\n ","protected":false},"excerpt":{"rendered":"<p>\u2022 La exposici\u00f3n recoge el trabajo realizado por los estudiantes de la Escuela Superior de Arquitectura de la Universidad Rovira i Virgili de Reus des del 2011 hasta la actualidad &nbsp; &nbsp; El pasado 29 de marzo, la Sala polivalente del Centro C\u00edvico \u00abEl Passeig\u00bb de la Seu d&#8217;Urgell acogi\u00f3 la inauguraci\u00f3n de la exposici\u00f3n&#8230;<\/p>\n","protected":false},"author":2,"featured_media":16784,"comment_status":"closed","ping_status":"closed","sticky":false,"template":"","format":"standard","meta":{"footnotes":""},"categories":[52],"tags":[],"_links":{"self":[{"href":"https:\/\/www.conselharan.org\/es\/wp-json\/wp\/v2\/posts\/16792"}],"collection":[{"href":"https:\/\/www.conselharan.org\/es\/wp-json\/wp\/v2\/posts"}],"about":[{"href":"https:\/\/www.conselharan.org\/es\/wp-json\/wp\/v2\/types\/post"}],"author":[{"embeddable":true,"href":"https:\/\/www.conselharan.org\/es\/wp-json\/wp\/v2\/users\/2"}],"replies":[{"embeddable":true,"href":"https:\/\/www.conselharan.org\/es\/wp-json\/wp\/v2\/comments?post=16792"}],"version-history":[{"count":1,"href":"https:\/\/www.conselharan.org\/es\/wp-json\/wp\/v2\/posts\/16792\/revisions"}],"predecessor-version":[{"id":16793,"href":"https:\/\/www.conselharan.org\/es\/wp-json\/wp\/v2\/posts\/16792\/revisions\/16793"}],"wp:featuredmedia":[{"embeddable":true,"href":"https:\/\/www.conselharan.org\/es\/wp-json\/wp\/v2\/media\/16784"}],"wp:attachment":[{"href":"https:\/\/www.conselharan.org\/es\/wp-json\/wp\/v2\/media?parent=16792"}],"wp:term":[{"taxonomy":"category","embeddable":true,"href":"https:\/\/www.conselharan.org\/es\/wp-json\/wp\/v2\/categories?post=16792"},{"taxonomy":"post_tag","embeddable":true,"href":"https:\/\/www.conselharan.org\/es\/wp-json\/wp\/v2\/tags?post=16792"}],"curies":[{"name":"wp","href":"https:\/\/api.w.org\/{rel}","templated":true}]}}