{"id":16847,"date":"2017-04-07T14:14:33","date_gmt":"2017-04-07T12:14:33","guid":{"rendered":"http:\/\/www.conselharan.org\/es\/?p=16847"},"modified":"2017-04-07T14:14:33","modified_gmt":"2017-04-07T12:14:33","slug":"del-8-al-15-de-abril-viia-edicion-del-festival-cultural-pyrenades-en-el-valle-de-aran","status":"publish","type":"post","link":"https:\/\/www.conselharan.org\/es\/del-8-al-15-de-abril-viia-edicion-del-festival-cultural-pyrenades-en-el-valle-de-aran\/","title":{"rendered":"Del 8 al 15 de abril VII\u00aa edici\u00f3n del Festival Cultural Pyrenades en el Valle de Aran"},"content":{"rendered":"<p>Vielha, 7 d\u2019abril de 2017.- Ma\u00f1ana s\u00e1bado 8 de abril, arranca la <strong>VII\u00aa edici\u00f3n del Festival Cultural de Semana Santa en el Valle de Aran, Pyrenades 2017<\/strong>, que se alargar\u00e1 hasta el pr\u00f3ximo d\u00eda 15 de abril, lleno de actividades gratuitas para todos los p\u00fablicos.<\/p>\n<p><a href=\"http:\/\/www.conselharan.org\/wp-content\/uploads\/2017\/04\/00012.jpg\"><img loading=\"lazy\" decoding=\"async\" class=\"aligncenter size-large wp-image-16844\" src=\"http:\/\/www.conselharan.org\/wp-content\/uploads\/2017\/04\/00012-1024x535.jpg\" alt=\"00012\" width=\"1024\" height=\"535\" srcset=\"https:\/\/www.conselharan.org\/wp-content\/uploads\/2017\/04\/00012-1024x535.jpg 1024w, https:\/\/www.conselharan.org\/wp-content\/uploads\/2017\/04\/00012-300x157.jpg 300w, https:\/\/www.conselharan.org\/wp-content\/uploads\/2017\/04\/00012-768x401.jpg 768w, https:\/\/www.conselharan.org\/wp-content\/uploads\/2017\/04\/00012.jpg 1200w\" sizes=\"(max-width: 1024px) 100vw, 1024px\" \/><\/a><\/p>\n<p>El Festival Pyrenades 2017 propone conferencias y di\u00e1logos, caminatas, cine de monta\u00f1a, m\u00fasica y actividades infantiles. La sede central del festival es el PyrenMuseu de Salard\u00fa.<\/p>\n<p>Durante toda la semana se suceder\u00e1n las actividades entre las que destacan charlas sobre el deporte de monta\u00f1a y la competici\u00f3n, paseos por parajes paradis\u00edacos del Valle de Aran como los lagos de Baciver, la ribera del Unhola o la balconada de l\u2019Aneto, adem\u00e1s de un recorrido a pie por Vielha. La VII Mostra de cinema de muntanya, con diversas proyecciones y juegos, conciertos del Romanic Musicau y talleres para ni\u00f1os y un curso infantil de iniciaci\u00f3n a la monta\u00f1a.<\/p>\n<p>Dentro de la oferta del festival cultural Pyrenades de este a\u00f1o, <strong>destaca la exposici\u00f3n \u201cImpressions dera Val d\u2019Aran\u201d en Sant Joan d\u2019Arties,<\/strong> que se podr\u00e1 visitar a partir del d\u00eda 8 de abril.<\/p>\n<p><strong>Cesar Ru\u00edz Canela<\/strong>, alcalde de Naut Aran y <strong>Manel Rocher<\/strong>, director de Pyrenades, ser\u00e1n los encargados de inaugurar el festival que finalizar\u00e1 el s\u00e1bado 15 de abril en el PyrenMuseu con la actuaci\u00f3n musical de Ian Sala.<\/p>\n<p>Desde su primera edici\u00f3n en 2011, Pyrenades se ha convertido en una excelente opci\u00f3n para disfrutar de la Semana Santa en la Val d\u2019Aran, en contacto con la naturaleza y disfrutando de un amplio programa de actividades gratuitas para toda la familia.<\/p>\n<p>Toda la informaci\u00f3ndel programa de Pyrenades 2017 aqu\u00ed: <a href=\"http:\/\/www.pyrenades.es\/programa.html\">http:\/\/www.pyrenades.es\/programa.html<\/a><\/p>\n<p>&nbsp;<\/p>\n<p>&nbsp;<\/p>\n ","protected":false},"excerpt":{"rendered":"<p>Vielha, 7 d\u2019abril de 2017.- Ma\u00f1ana s\u00e1bado 8 de abril, arranca la VII\u00aa edici\u00f3n del Festival Cultural de Semana Santa en el Valle de Aran, Pyrenades 2017, que se alargar\u00e1 hasta el pr\u00f3ximo d\u00eda 15 de abril, lleno de actividades gratuitas para todos los p\u00fablicos. El Festival Pyrenades 2017 propone conferencias y di\u00e1logos, caminatas, cine&#8230;<\/p>\n","protected":false},"author":2,"featured_media":16844,"comment_status":"closed","ping_status":"closed","sticky":false,"template":"","format":"standard","meta":{"footnotes":""},"categories":[34],"tags":[],"_links":{"self":[{"href":"https:\/\/www.conselharan.org\/es\/wp-json\/wp\/v2\/posts\/16847"}],"collection":[{"href":"https:\/\/www.conselharan.org\/es\/wp-json\/wp\/v2\/posts"}],"about":[{"href":"https:\/\/www.conselharan.org\/es\/wp-json\/wp\/v2\/types\/post"}],"author":[{"embeddable":true,"href":"https:\/\/www.conselharan.org\/es\/wp-json\/wp\/v2\/users\/2"}],"replies":[{"embeddable":true,"href":"https:\/\/www.conselharan.org\/es\/wp-json\/wp\/v2\/comments?post=16847"}],"version-history":[{"count":1,"href":"https:\/\/www.conselharan.org\/es\/wp-json\/wp\/v2\/posts\/16847\/revisions"}],"predecessor-version":[{"id":16848,"href":"https:\/\/www.conselharan.org\/es\/wp-json\/wp\/v2\/posts\/16847\/revisions\/16848"}],"wp:featuredmedia":[{"embeddable":true,"href":"https:\/\/www.conselharan.org\/es\/wp-json\/wp\/v2\/media\/16844"}],"wp:attachment":[{"href":"https:\/\/www.conselharan.org\/es\/wp-json\/wp\/v2\/media?parent=16847"}],"wp:term":[{"taxonomy":"category","embeddable":true,"href":"https:\/\/www.conselharan.org\/es\/wp-json\/wp\/v2\/categories?post=16847"},{"taxonomy":"post_tag","embeddable":true,"href":"https:\/\/www.conselharan.org\/es\/wp-json\/wp\/v2\/tags?post=16847"}],"curies":[{"name":"wp","href":"https:\/\/api.w.org\/{rel}","templated":true}]}}