{"id":16871,"date":"2017-04-07T14:51:39","date_gmt":"2017-04-07T12:51:39","guid":{"rendered":"http:\/\/www.conselharan.org\/es\/?p=16871"},"modified":"2017-04-07T14:51:39","modified_gmt":"2017-04-07T12:51:39","slug":"practicas-de-formacion-del-grm-de-pompiers-val-daran","status":"publish","type":"post","link":"https:\/\/www.conselharan.org\/es\/practicas-de-formacion-del-grm-de-pompiers-val-daran\/","title":{"rendered":"Pr\u00e1cticas de formaci\u00f3n del GRM de Pompi\u00e8rs Val d\u2019Aran"},"content":{"rendered":"<p>Vielha, 7 de abril de 2017.- <strong>El Grupo de Rescate de Monta\u00f1a (GRM) de los Pompi\u00e8rs de la Val d&#8217;Aran,<\/strong> ha realizado esta semana una salida de formaci\u00f3n de tres d\u00edas con esqu\u00eds de traves\u00eda por el Valle de Ar\u00e1n, con el objetivo del reconocimiento del territorio y la cohesi\u00f3n de Grupo.<\/p>\n<p><a href=\"http:\/\/www.conselharan.org\/wp-content\/uploads\/2017\/04\/IMG_6566.jpg\"><img loading=\"lazy\" decoding=\"async\" class=\"aligncenter size-large wp-image-16863\" src=\"http:\/\/www.conselharan.org\/wp-content\/uploads\/2017\/04\/IMG_6566-1024x768.jpg\" alt=\"IMG_6566\" width=\"1024\" height=\"768\" srcset=\"https:\/\/www.conselharan.org\/wp-content\/uploads\/2017\/04\/IMG_6566-1024x768.jpg 1024w, https:\/\/www.conselharan.org\/wp-content\/uploads\/2017\/04\/IMG_6566-300x225.jpg 300w, https:\/\/www.conselharan.org\/wp-content\/uploads\/2017\/04\/IMG_6566-768x576.jpg 768w, https:\/\/www.conselharan.org\/wp-content\/uploads\/2017\/04\/IMG_6566.jpg 1600w\" sizes=\"(max-width: 1024px) 100vw, 1024px\" \/><\/a><\/p>\n<p>La salida tambi\u00e9n ha servido para el perfeccionamiento de las t\u00e9cnicas de progresi\u00f3n con esqu\u00eds de traves\u00eda.<\/p>\n<p>La actividad de tres d\u00edas en la que participaron 10 efectivos del GRM los Pompi\u00e8rs de la Val d&#8217;Aran, consisti\u00f3 en una salida de 7h el primer d\u00eda desde Peulla hasta el Cerro de Amitges, Saboredo y Cerro Berger, con un desnivel de 1.500m., haciendo noche en Saboredo. El segundo d\u00eda, la salida fue de 9h, en el Cerro de Sendrosa, Cerro de Travesany, Puerto de Caldes y el desplazamiento de una parte del grupo al Pico del Montarto y los otros al Cerro de Monjes. Finalmente, el \u00faltimo d\u00eda debido a las malas condiciones meteorol\u00f3gicas se realiz\u00f3 una salida en el Tossal de Mar.<\/p>\n<p>Las actividades de formaci\u00f3n del GRM los Bomberos de la Val d&#8217;Aran, combinan las salidas en los Alpes, con las actividades que se desarrollan en el Valle de Aran.<\/p>\n<p><a href=\"http:\/\/www.conselharan.org\/wp-content\/uploads\/2017\/04\/IMG_6567.jpg\"><img loading=\"lazy\" decoding=\"async\" class=\"aligncenter size-large wp-image-16864\" src=\"http:\/\/www.conselharan.org\/wp-content\/uploads\/2017\/04\/IMG_6567-1024x768.jpg\" alt=\"IMG_6567\" width=\"1024\" height=\"768\" srcset=\"https:\/\/www.conselharan.org\/wp-content\/uploads\/2017\/04\/IMG_6567.jpg 1024w, https:\/\/www.conselharan.org\/wp-content\/uploads\/2017\/04\/IMG_6567-300x225.jpg 300w, https:\/\/www.conselharan.org\/wp-content\/uploads\/2017\/04\/IMG_6567-768x576.jpg 768w\" sizes=\"(max-width: 1024px) 100vw, 1024px\" \/><\/a> <a href=\"http:\/\/www.conselharan.org\/wp-content\/uploads\/2017\/04\/IMG_6565.jpg\"><img loading=\"lazy\" decoding=\"async\" class=\"aligncenter size-large wp-image-16862\" src=\"http:\/\/www.conselharan.org\/wp-content\/uploads\/2017\/04\/IMG_6565-1024x754.jpg\" alt=\"IMG_6565\" width=\"1024\" height=\"754\" srcset=\"https:\/\/www.conselharan.org\/wp-content\/uploads\/2017\/04\/IMG_6565-1024x754.jpg 1024w, https:\/\/www.conselharan.org\/wp-content\/uploads\/2017\/04\/IMG_6565-300x221.jpg 300w, https:\/\/www.conselharan.org\/wp-content\/uploads\/2017\/04\/IMG_6565-768x565.jpg 768w, https:\/\/www.conselharan.org\/wp-content\/uploads\/2017\/04\/IMG_6565.jpg 1600w\" sizes=\"(max-width: 1024px) 100vw, 1024px\" \/><\/a> <a href=\"http:\/\/www.conselharan.org\/wp-content\/uploads\/2017\/04\/IMG_6568.jpg\"><img loading=\"lazy\" decoding=\"async\" class=\"aligncenter size-large wp-image-16865\" src=\"http:\/\/www.conselharan.org\/wp-content\/uploads\/2017\/04\/IMG_6568-1024x497.jpg\" alt=\"IMG_6568\" width=\"1024\" height=\"497\" srcset=\"https:\/\/www.conselharan.org\/wp-content\/uploads\/2017\/04\/IMG_6568.jpg 1024w, https:\/\/www.conselharan.org\/wp-content\/uploads\/2017\/04\/IMG_6568-300x146.jpg 300w, https:\/\/www.conselharan.org\/wp-content\/uploads\/2017\/04\/IMG_6568-768x373.jpg 768w\" sizes=\"(max-width: 1024px) 100vw, 1024px\" \/><\/a><\/p>\n ","protected":false},"excerpt":{"rendered":"<p>Vielha, 7 de abril de 2017.- El Grupo de Rescate de Monta\u00f1a (GRM) de los Pompi\u00e8rs de la Val d&#8217;Aran, ha realizado esta semana una salida de formaci\u00f3n de tres d\u00edas con esqu\u00eds de traves\u00eda por el Valle de Ar\u00e1n, con el objetivo del reconocimiento del territorio y la cohesi\u00f3n de Grupo. La salida tambi\u00e9n&#8230;<\/p>\n","protected":false},"author":2,"featured_media":16863,"comment_status":"closed","ping_status":"closed","sticky":false,"template":"","format":"standard","meta":{"footnotes":""},"categories":[34],"tags":[],"_links":{"self":[{"href":"https:\/\/www.conselharan.org\/es\/wp-json\/wp\/v2\/posts\/16871"}],"collection":[{"href":"https:\/\/www.conselharan.org\/es\/wp-json\/wp\/v2\/posts"}],"about":[{"href":"https:\/\/www.conselharan.org\/es\/wp-json\/wp\/v2\/types\/post"}],"author":[{"embeddable":true,"href":"https:\/\/www.conselharan.org\/es\/wp-json\/wp\/v2\/users\/2"}],"replies":[{"embeddable":true,"href":"https:\/\/www.conselharan.org\/es\/wp-json\/wp\/v2\/comments?post=16871"}],"version-history":[{"count":1,"href":"https:\/\/www.conselharan.org\/es\/wp-json\/wp\/v2\/posts\/16871\/revisions"}],"predecessor-version":[{"id":16872,"href":"https:\/\/www.conselharan.org\/es\/wp-json\/wp\/v2\/posts\/16871\/revisions\/16872"}],"wp:featuredmedia":[{"embeddable":true,"href":"https:\/\/www.conselharan.org\/es\/wp-json\/wp\/v2\/media\/16863"}],"wp:attachment":[{"href":"https:\/\/www.conselharan.org\/es\/wp-json\/wp\/v2\/media?parent=16871"}],"wp:term":[{"taxonomy":"category","embeddable":true,"href":"https:\/\/www.conselharan.org\/es\/wp-json\/wp\/v2\/categories?post=16871"},{"taxonomy":"post_tag","embeddable":true,"href":"https:\/\/www.conselharan.org\/es\/wp-json\/wp\/v2\/tags?post=16871"}],"curies":[{"name":"wp","href":"https:\/\/api.w.org\/{rel}","templated":true}]}}