{"id":16888,"date":"2017-04-07T16:28:09","date_gmt":"2017-04-07T14:28:09","guid":{"rendered":"http:\/\/www.conselharan.org\/es\/?p=16888"},"modified":"2017-04-07T16:29:38","modified_gmt":"2017-04-07T14:29:38","slug":"espectaculares-resultados-en-el-freeride-junior-tour-del-club-esqui-emotion-y-parte-del-programa-freeride-de-tecnificacion-del-cetei","status":"publish","type":"post","link":"https:\/\/www.conselharan.org\/es\/espectaculares-resultados-en-el-freeride-junior-tour-del-club-esqui-emotion-y-parte-del-programa-freeride-de-tecnificacion-del-cetei\/","title":{"rendered":"Espectaculares resultados en el Freeride Junior Tour del Club Esqu\u00ed Emotion y parte del programa Freeride de tecnificaci\u00f3n del CETEI"},"content":{"rendered":"<p><img loading=\"lazy\" decoding=\"async\" class=\"aligncenter size-full wp-image-16882\" src=\"http:\/\/www.conselharan.org\/wp-content\/uploads\/2017\/04\/Equipo-escuela-Emotion.jpg\" alt=\"Equipo escuela Emotion\" width=\"960\" height=\"960\" srcset=\"https:\/\/www.conselharan.org\/wp-content\/uploads\/2017\/04\/Equipo-escuela-Emotion.jpg 960w, https:\/\/www.conselharan.org\/wp-content\/uploads\/2017\/04\/Equipo-escuela-Emotion-150x150.jpg 150w, https:\/\/www.conselharan.org\/wp-content\/uploads\/2017\/04\/Equipo-escuela-Emotion-300x300.jpg 300w, https:\/\/www.conselharan.org\/wp-content\/uploads\/2017\/04\/Equipo-escuela-Emotion-768x768.jpg 768w, https:\/\/www.conselharan.org\/wp-content\/uploads\/2017\/04\/Equipo-escuela-Emotion-270x270.jpg 270w, https:\/\/www.conselharan.org\/wp-content\/uploads\/2017\/04\/Equipo-escuela-Emotion-207x207.jpg 207w, https:\/\/www.conselharan.org\/wp-content\/uploads\/2017\/04\/Equipo-escuela-Emotion-75x75.jpg 75w\" sizes=\"(max-width: 960px) 100vw, 960px\" \/><br \/>\nLos freeriders del Programa de Pre tecnificaci\u00f3n del Centro Especializado en Tecnificaci\u00f3n Deportiva de Deportes de Invierno de la Val d&#8217;Aran (<strong>CETEI<\/strong>), y miembros del Club de Esqu\u00ed Emotion, <strong>Abel Mog<\/strong>a,<strong> Axel Joaniquet<\/strong> y <strong>P\u00f2l Tellosa<\/strong>, adem\u00e1s de <strong>Jordi Riba<\/strong> (ex tecnificaci\u00f3n) y<strong> Julian Puras<\/strong> (futuro tecnificaci\u00f3n), participantes en el Freeride Junior Tour de esta temporada han logrado llegar a posiciones privilegiadas bajo la direcci\u00f3n del entrenador <strong>Cristian Boiria<\/strong>.<\/p>\n<p>El aran\u00e9s,<strong> Abel Moga Carracedo<\/strong>, con 16 a\u00f1os ha dado poca opci\u00f3n a todos pues aparte de ganar la general del circuito espa\u00f1ol de este a\u00f1o y estar tercero durante todo el a\u00f1o en el FJT, al final ha logrado la cuarta posici\u00f3n final, un salto importante desde la 44 plaza de la pasada temporada y el mejor resultado de la historia del freeride nacional en esqu\u00ed.<\/p>\n<p>La progresi\u00f3n de <strong>Axel Joaniquet<\/strong> con 17 a\u00f1os ha sido tambi\u00e9n espectacular, pues del 100 en el ranking del pasado a\u00f1o, esta temporada ha logrado la novena posici\u00f3n final, qued\u00e1ndole una temporada m\u00e1s para intentar llegar a lo m\u00e1s alto del podio en 2018.<\/p>\n<p>El tambi\u00e9n aran\u00e9s, <strong>P\u00f2l Tellosa Bad\u00eda,<\/strong> con 16 a\u00f1os y siendo su segundo a\u00f1o como corredor sigue creciendo y este a\u00f1o ha logrado una doceava posici\u00f3n final, mejorando su 23 posici\u00f3n del a\u00f1o pasado. Es un salto de calidad y el pr\u00f3ximo a\u00f1o ser\u00e1 muy importante para afianzarse en los diez primeros puestos.<\/p>\n<p><strong>Julian Puras,<\/strong> con 14 a\u00f1os y siendo su primer a\u00f1o compitiendo ha logrado algo incre\u00edble, hacer tres carreras y dar tres grandes resultados, esto lo ha puesto en el lugar 26 del ranking.<\/p>\n<p>En su \u00faltimo a\u00f1o como J\u00fanior, <strong>Jordi Riba<\/strong>, de18 a\u00f1os ha logrado su mejor resultado esta temporada en la final del FJT de Verbier el pasado 1 de abril, quedando en d\u00e9cimo lugar de 57 freeriders de once pa\u00edses. Jordi pasa a la categor\u00eda de adultos y correr\u00e1 los Qualifiers el pr\u00f3ximo a\u00f1o.<\/p>\n<p>&nbsp;<\/p>\n<p><img loading=\"lazy\" decoding=\"async\" class=\"aligncenter size-full wp-image-16883\" src=\"http:\/\/www.conselharan.org\/wp-content\/uploads\/2017\/04\/Escuela-Emotion.jpg\" alt=\"Escuela Emotion\" width=\"640\" height=\"960\" srcset=\"https:\/\/www.conselharan.org\/wp-content\/uploads\/2017\/04\/Escuela-Emotion.jpg 640w, https:\/\/www.conselharan.org\/wp-content\/uploads\/2017\/04\/Escuela-Emotion-200x300.jpg 200w\" sizes=\"(max-width: 640px) 100vw, 640px\" \/><\/p>\n<p>&nbsp;<\/p>\n<p>En palabras del entrenador <strong>Cristian Boiria: \u201cCerramos una temporada de ensue\u00f1o\u201d<\/strong>.<\/p>\n<p>El Centro de Tecnificaci\u00f3n Deportiva de Deportes de Invierno de la Val d&#8217;Aran (CETEI), vinculado a la Real Federaci\u00f3n Espa\u00f1ola de Deportes de Invierno (RFEDI) y a la Federaci\u00f3n Catalana de Deportes de Invierno (FCEH), tiene por objetivo ayudar a la progresi\u00f3n de j\u00f3venes promesas y velar por su formaci\u00f3n integral. El Consejo Superior de Deportes dio el visto bueno a la creaci\u00f3n del Centro Especializado en Tecnificaci\u00f3n Deportiva de Deportes de Invierno de la Val d&#8217;Aran, impulsado por el Conselh Generau d&#8217;Aran que se encarga de gestionarlo.<\/p>\n<p>&nbsp;<\/p>\n<p>&nbsp;<\/p>\n<p>&nbsp;<\/p>\n<p>Vielha, 7 de abril de 2017<\/p>\n<p>&nbsp;<\/p>\n<p><em>Conselh Generau d&#8217;Aran: N\u00faria Sanjuan<\/em><\/p>\n<p><em>Fuente y fotos: Club Esqu\u00ed Emotion<\/em><\/p>\n ","protected":false},"excerpt":{"rendered":"<p>Los freeriders del Programa de Pre tecnificaci\u00f3n del Centro Especializado en Tecnificaci\u00f3n Deportiva de Deportes de Invierno de la Val d&#8217;Aran (CETEI), y miembros del Club de Esqu\u00ed Emotion, Abel Moga, Axel Joaniquet y P\u00f2l Tellosa, adem\u00e1s de Jordi Riba (ex tecnificaci\u00f3n) y Julian Puras (futuro tecnificaci\u00f3n), participantes en el Freeride Junior Tour de esta&#8230;<\/p>\n","protected":false},"author":2,"featured_media":16882,"comment_status":"closed","ping_status":"closed","sticky":false,"template":"","format":"standard","meta":{"footnotes":""},"categories":[135],"tags":[],"_links":{"self":[{"href":"https:\/\/www.conselharan.org\/es\/wp-json\/wp\/v2\/posts\/16888"}],"collection":[{"href":"https:\/\/www.conselharan.org\/es\/wp-json\/wp\/v2\/posts"}],"about":[{"href":"https:\/\/www.conselharan.org\/es\/wp-json\/wp\/v2\/types\/post"}],"author":[{"embeddable":true,"href":"https:\/\/www.conselharan.org\/es\/wp-json\/wp\/v2\/users\/2"}],"replies":[{"embeddable":true,"href":"https:\/\/www.conselharan.org\/es\/wp-json\/wp\/v2\/comments?post=16888"}],"version-history":[{"count":1,"href":"https:\/\/www.conselharan.org\/es\/wp-json\/wp\/v2\/posts\/16888\/revisions"}],"predecessor-version":[{"id":16889,"href":"https:\/\/www.conselharan.org\/es\/wp-json\/wp\/v2\/posts\/16888\/revisions\/16889"}],"wp:featuredmedia":[{"embeddable":true,"href":"https:\/\/www.conselharan.org\/es\/wp-json\/wp\/v2\/media\/16882"}],"wp:attachment":[{"href":"https:\/\/www.conselharan.org\/es\/wp-json\/wp\/v2\/media?parent=16888"}],"wp:term":[{"taxonomy":"category","embeddable":true,"href":"https:\/\/www.conselharan.org\/es\/wp-json\/wp\/v2\/categories?post=16888"},{"taxonomy":"post_tag","embeddable":true,"href":"https:\/\/www.conselharan.org\/es\/wp-json\/wp\/v2\/tags?post=16888"}],"curies":[{"name":"wp","href":"https:\/\/api.w.org\/{rel}","templated":true}]}}