{"id":16901,"date":"2017-04-10T13:54:24","date_gmt":"2017-04-10T11:54:24","guid":{"rendered":"http:\/\/www.conselharan.org\/es\/?p=16901"},"modified":"2017-04-10T14:04:52","modified_gmt":"2017-04-10T12:04:52","slug":"reunion-del-sindic-daran-carlos-barrera-y-el-vicesindic-luis-carlos-medina-con-el-president-carles-puigdemont","status":"publish","type":"post","link":"https:\/\/www.conselharan.org\/es\/reunion-del-sindic-daran-carlos-barrera-y-el-vicesindic-luis-carlos-medina-con-el-president-carles-puigdemont\/","title":{"rendered":"Reuni\u00f3n del sindic d\u2019Aran Carlos Barrera y el vices\u00edndic Lu\u00eds Carlos Medina con el President Carles Puigdemont"},"content":{"rendered":"<p>Vielha, 10 de abril de 2017.- El sindic d\u2019Aran <strong>Carlos Barrera<\/strong> y el vicesindic <strong>Lu\u00eds Carlos<\/strong> <strong>Medina<\/strong>, se reunieron hoy con el President de la Generalitat <strong>Carles Puigdemont<\/strong> a quien han expresado la voluntad del Conselh Generau d\u2019Aran as\u00ed como la necesidad de desplegar en su conjunto la Ley 1\/2015 de r\u00e9gimen especial del valle de Aran.<\/p>\n<p><a href=\"http:\/\/www.conselharan.org\/wp-content\/uploads\/2017\/04\/foto-Jordi-Bedmar-05.jpg\"><img loading=\"lazy\" decoding=\"async\" class=\"aligncenter size-large wp-image-16893\" src=\"http:\/\/www.conselharan.org\/wp-content\/uploads\/2017\/04\/foto-Jordi-Bedmar-05-1024x683.jpg\" alt=\"foto Jordi Bedmar 05\" width=\"1024\" height=\"683\" srcset=\"https:\/\/www.conselharan.org\/wp-content\/uploads\/2017\/04\/foto-Jordi-Bedmar-05-1024x683.jpg 1024w, https:\/\/www.conselharan.org\/wp-content\/uploads\/2017\/04\/foto-Jordi-Bedmar-05-300x200.jpg 300w, https:\/\/www.conselharan.org\/wp-content\/uploads\/2017\/04\/foto-Jordi-Bedmar-05-768x512.jpg 768w\" sizes=\"(max-width: 1024px) 100vw, 1024px\" \/><\/a><\/p>\n<p>Durante el encuentro en Palau, el sindic d\u2019Aran ha pedido al President de la Generalitat la m\u00e1xima sensibilidad por parte del Govern para comenzar la negociaci\u00f3n del nuevo modelo de financiaci\u00f3n tal como prev\u00e9 la Ley 1\/2015. Las disposiciones adicionales de la Ley de Aran, prev\u00e9n un plazo de tres a\u00f1os desde su aprobaci\u00f3n para revisar de forma bilateral entre el Conselh Generau d\u2019Aran y la Generalitat el modelo de financiaci\u00f3n de la Val d&#8217;Aran.<\/p>\n<p>A dicha reuni\u00f3n tambi\u00e9n ha asistido la consellera de Governaci\u00f3 <strong>Meritxell Borr\u00e0s<\/strong>, donde se han tratado diferentes asuntos relacionados entre el Gov\u00e8rn d\u2019Aran y los departamentos de la Generalitat de Catalu\u00f1a.<\/p>\n<p><a href=\"http:\/\/www.conselharan.org\/wp-content\/uploads\/2017\/04\/foto-Jordi-Bedmar-03.jpg\"><img loading=\"lazy\" decoding=\"async\" class=\"aligncenter size-large wp-image-16895\" src=\"http:\/\/www.conselharan.org\/wp-content\/uploads\/2017\/04\/foto-Jordi-Bedmar-03-1024x683.jpg\" alt=\"foto Jordi Bedmar 03\" width=\"1024\" height=\"683\" srcset=\"https:\/\/www.conselharan.org\/wp-content\/uploads\/2017\/04\/foto-Jordi-Bedmar-03-1024x683.jpg 1024w, https:\/\/www.conselharan.org\/wp-content\/uploads\/2017\/04\/foto-Jordi-Bedmar-03-300x200.jpg 300w, https:\/\/www.conselharan.org\/wp-content\/uploads\/2017\/04\/foto-Jordi-Bedmar-03-768x512.jpg 768w\" sizes=\"(max-width: 1024px) 100vw, 1024px\" \/><\/a><\/p>\n<p>Foto: Jordi Bedmar<\/p>\n ","protected":false},"excerpt":{"rendered":"<p>Vielha, 10 de abril de 2017.- El sindic d\u2019Aran Carlos Barrera y el vicesindic Lu\u00eds Carlos Medina, se reunieron hoy con el President de la Generalitat Carles Puigdemont a quien han expresado la voluntad del Conselh Generau d\u2019Aran as\u00ed como la necesidad de desplegar en su conjunto la Ley 1\/2015 de r\u00e9gimen especial del valle&#8230;<\/p>\n","protected":false},"author":2,"featured_media":16893,"comment_status":"closed","ping_status":"closed","sticky":false,"template":"","format":"standard","meta":{"footnotes":""},"categories":[52,37],"tags":[],"_links":{"self":[{"href":"https:\/\/www.conselharan.org\/es\/wp-json\/wp\/v2\/posts\/16901"}],"collection":[{"href":"https:\/\/www.conselharan.org\/es\/wp-json\/wp\/v2\/posts"}],"about":[{"href":"https:\/\/www.conselharan.org\/es\/wp-json\/wp\/v2\/types\/post"}],"author":[{"embeddable":true,"href":"https:\/\/www.conselharan.org\/es\/wp-json\/wp\/v2\/users\/2"}],"replies":[{"embeddable":true,"href":"https:\/\/www.conselharan.org\/es\/wp-json\/wp\/v2\/comments?post=16901"}],"version-history":[{"count":3,"href":"https:\/\/www.conselharan.org\/es\/wp-json\/wp\/v2\/posts\/16901\/revisions"}],"predecessor-version":[{"id":16908,"href":"https:\/\/www.conselharan.org\/es\/wp-json\/wp\/v2\/posts\/16901\/revisions\/16908"}],"wp:featuredmedia":[{"embeddable":true,"href":"https:\/\/www.conselharan.org\/es\/wp-json\/wp\/v2\/media\/16893"}],"wp:attachment":[{"href":"https:\/\/www.conselharan.org\/es\/wp-json\/wp\/v2\/media?parent=16901"}],"wp:term":[{"taxonomy":"category","embeddable":true,"href":"https:\/\/www.conselharan.org\/es\/wp-json\/wp\/v2\/categories?post=16901"},{"taxonomy":"post_tag","embeddable":true,"href":"https:\/\/www.conselharan.org\/es\/wp-json\/wp\/v2\/tags?post=16901"}],"curies":[{"name":"wp","href":"https:\/\/api.w.org\/{rel}","templated":true}]}}