{"id":16915,"date":"2017-04-10T18:11:02","date_gmt":"2017-04-10T16:11:02","guid":{"rendered":"http:\/\/www.conselharan.org\/es\/?p=16915"},"modified":"2017-04-10T18:11:02","modified_gmt":"2017-04-10T16:11:02","slug":"los-araneses-carlos-dominguez-y-enric-jimenez-segundo-y-tercer-clasificado-en-los-campeonatos-de-espana-absolutos-de-skicross-en-baqueira-beret","status":"publish","type":"post","link":"https:\/\/www.conselharan.org\/es\/los-araneses-carlos-dominguez-y-enric-jimenez-segundo-y-tercer-clasificado-en-los-campeonatos-de-espana-absolutos-de-skicross-en-baqueira-beret\/","title":{"rendered":"Los araneses Carlos Dominguez y Enric Jim\u00e9nez, segundo y tercer clasificado en los Campeonatos de Espa\u00f1a Absolutos de Skicross en Baqueira Beret"},"content":{"rendered":"<p>Vielha, 10 d\u2019abril de 2017.- En los Campeonatos de Espa\u00f1a Absolutos de Skicross que se han disputado este fin de semana en la estaci\u00f3n de Baqueira Beret el campe\u00f3n de Espa\u00f1a ha sido Federico Pastore (FMDI-Amistad) seguido de los araneses <strong>Carlos Dom\u00ednguez<\/strong> segundo clasificado y el tercero en el caj\u00f3n ha sido <strong>Enric Jim\u00e9nez<\/strong> (ambos FCEH-CoposSC).<\/p>\n<p>Cabe destacar la gran competici\u00f3n realizada por los corredores araneses que como dijo en la ceremonia de entrega de premios, el presidente de la RFEDI <strong>May Peus Espa\u00f1a<\/strong> \u201cayuda a crear base para este deporte\u201d.<\/p>\n<p><a href=\"http:\/\/www.conselharan.org\/wp-content\/uploads\/2017\/04\/IMG_7243-e1491763740344.jpg\"><img loading=\"lazy\" decoding=\"async\" class=\"aligncenter size-large wp-image-16911\" src=\"http:\/\/www.conselharan.org\/wp-content\/uploads\/2017\/04\/IMG_7243-e1491763740344-1024x584.jpg\" alt=\"IMG_7243-e1491763740344\" width=\"1024\" height=\"584\" srcset=\"https:\/\/www.conselharan.org\/wp-content\/uploads\/2017\/04\/IMG_7243-e1491763740344-1024x584.jpg 1024w, https:\/\/www.conselharan.org\/wp-content\/uploads\/2017\/04\/IMG_7243-e1491763740344-300x171.jpg 300w, https:\/\/www.conselharan.org\/wp-content\/uploads\/2017\/04\/IMG_7243-e1491763740344-768x438.jpg 768w, https:\/\/www.conselharan.org\/wp-content\/uploads\/2017\/04\/IMG_7243-e1491763740344-305x175.jpg 305w, https:\/\/www.conselharan.org\/wp-content\/uploads\/2017\/04\/IMG_7243-e1491763740344.jpg 1416w\" sizes=\"(max-width: 1024px) 100vw, 1024px\" \/><\/a><\/p>\n<p>&nbsp;<\/p>\n ","protected":false},"excerpt":{"rendered":"<p>Vielha, 10 d\u2019abril de 2017.- En los Campeonatos de Espa\u00f1a Absolutos de Skicross que se han disputado este fin de semana en la estaci\u00f3n de Baqueira Beret el campe\u00f3n de Espa\u00f1a ha sido Federico Pastore (FMDI-Amistad) seguido de los araneses Carlos Dom\u00ednguez segundo clasificado y el tercero en el caj\u00f3n ha sido Enric Jim\u00e9nez (ambos&#8230;<\/p>\n","protected":false},"author":2,"featured_media":16911,"comment_status":"closed","ping_status":"closed","sticky":false,"template":"","format":"standard","meta":{"footnotes":""},"categories":[135],"tags":[],"_links":{"self":[{"href":"https:\/\/www.conselharan.org\/es\/wp-json\/wp\/v2\/posts\/16915"}],"collection":[{"href":"https:\/\/www.conselharan.org\/es\/wp-json\/wp\/v2\/posts"}],"about":[{"href":"https:\/\/www.conselharan.org\/es\/wp-json\/wp\/v2\/types\/post"}],"author":[{"embeddable":true,"href":"https:\/\/www.conselharan.org\/es\/wp-json\/wp\/v2\/users\/2"}],"replies":[{"embeddable":true,"href":"https:\/\/www.conselharan.org\/es\/wp-json\/wp\/v2\/comments?post=16915"}],"version-history":[{"count":1,"href":"https:\/\/www.conselharan.org\/es\/wp-json\/wp\/v2\/posts\/16915\/revisions"}],"predecessor-version":[{"id":16916,"href":"https:\/\/www.conselharan.org\/es\/wp-json\/wp\/v2\/posts\/16915\/revisions\/16916"}],"wp:featuredmedia":[{"embeddable":true,"href":"https:\/\/www.conselharan.org\/es\/wp-json\/wp\/v2\/media\/16911"}],"wp:attachment":[{"href":"https:\/\/www.conselharan.org\/es\/wp-json\/wp\/v2\/media?parent=16915"}],"wp:term":[{"taxonomy":"category","embeddable":true,"href":"https:\/\/www.conselharan.org\/es\/wp-json\/wp\/v2\/categories?post=16915"},{"taxonomy":"post_tag","embeddable":true,"href":"https:\/\/www.conselharan.org\/es\/wp-json\/wp\/v2\/tags?post=16915"}],"curies":[{"name":"wp","href":"https:\/\/api.w.org\/{rel}","templated":true}]}}