{"id":17035,"date":"2017-04-20T14:11:17","date_gmt":"2017-04-20T12:11:17","guid":{"rendered":"http:\/\/www.conselharan.org\/es\/?p=17035"},"modified":"2017-04-20T14:19:13","modified_gmt":"2017-04-20T12:19:13","slug":"mossen-xavier-esplandiu-cede-documentacion-del-patrimonio-aranes-al-conselh-generau-daran","status":"publish","type":"post","link":"https:\/\/www.conselharan.org\/es\/mossen-xavier-esplandiu-cede-documentacion-del-patrimonio-aranes-al-conselh-generau-daran\/","title":{"rendered":"Moss\u00e8n Xavier Esplandiu cede documentaci\u00f3n del patrimonio aran\u00e9s al Conselh Generau d\u2019Aran"},"content":{"rendered":"<p><img loading=\"lazy\" decoding=\"async\" class=\"aligncenter size-large wp-image-17028\" src=\"http:\/\/www.conselharan.org\/wp-content\/uploads\/2017\/04\/MOSSEN-e-J\u00c8P-DE-MONTOYA-898x1024.jpg\" alt=\"MOSSEN e J\u00c8P DE MONTOYA\" width=\"898\" height=\"1024\" srcset=\"https:\/\/www.conselharan.org\/wp-content\/uploads\/2017\/04\/MOSSEN-e-J\u00c8P-DE-MONTOYA-898x1024.jpg 898w, https:\/\/www.conselharan.org\/wp-content\/uploads\/2017\/04\/MOSSEN-e-J\u00c8P-DE-MONTOYA-263x300.jpg 263w, https:\/\/www.conselharan.org\/wp-content\/uploads\/2017\/04\/MOSSEN-e-J\u00c8P-DE-MONTOYA-768x876.jpg 768w\" sizes=\"(max-width: 898px) 100vw, 898px\" \/><\/p>\n<p>&nbsp;<\/p>\n<p><strong>Moss\u00e8n Xavier Esplandiu<\/strong> ha cedido en dep\u00f3sito al Conselh Generau d\u2019Aran documentaci\u00f3n que forma parte del patrimonio documental aran\u00e9s. En concreto documentaci\u00f3n bibliogr\u00e1fica, creando el Fondo Documental \u201cMoss\u00e8n XAVIER ESPLANDIU XUCL\u00c0\u201d que ser\u00e1 depositado en el Archivo General de Aran.<\/p>\n<p>&nbsp;<\/p>\n<p><img loading=\"lazy\" decoding=\"async\" class=\"aligncenter size-large wp-image-17029\" src=\"http:\/\/www.conselharan.org\/wp-content\/uploads\/2017\/04\/MOSSEN1-576x1024.jpg\" alt=\"MOSSEN1\" width=\"576\" height=\"1024\" srcset=\"https:\/\/www.conselharan.org\/wp-content\/uploads\/2017\/04\/MOSSEN1-576x1024.jpg 576w, https:\/\/www.conselharan.org\/wp-content\/uploads\/2017\/04\/MOSSEN1-169x300.jpg 169w, https:\/\/www.conselharan.org\/wp-content\/uploads\/2017\/04\/MOSSEN1-768x1365.jpg 768w\" sizes=\"(max-width: 576px) 100vw, 576px\" \/><\/p>\n<p>&nbsp;<\/p>\n<p>Moss\u00e8n Xavier Esplandiu Xucl\u00e0 naci\u00f3 en el a\u00f1o 1.938 en Son del Pi, fue rector de Vielha durante los a\u00f1os 1.964 al 1.972 y de Boss\u00f2st del 1.977 al 1.998, ha querido ceder al Conselh Generau d\u2019Aran parte de sus libros, fotograf\u00edas, postales y piezas \u00edntimas como la medalla con la imagen de la Virgen Mar\u00eda de Mijaran entregada por el Ayuntamiento de Vielha e Mijaran y la cruz entregada por el Conselh Generau d\u2019Aran en 1.991.<\/p>\n<p>&nbsp;<\/p>\n<p>&nbsp;<\/p>\n<p>&nbsp;<\/p>\n<p>&nbsp;<\/p>\n<p>&nbsp;<\/p>\n<p>Vielha, 20 de abril de 2017<\/p>\n<p>&nbsp;<\/p>\n<p><em>Conselh Generau d&#8217;Aran: N\u00faria Sanjuan<\/em><\/p>\n ","protected":false},"excerpt":{"rendered":"<p>&nbsp; Moss\u00e8n Xavier Esplandiu ha cedido en dep\u00f3sito al Conselh Generau d\u2019Aran documentaci\u00f3n que forma parte del patrimonio documental aran\u00e9s. En concreto documentaci\u00f3n bibliogr\u00e1fica, creando el Fondo Documental \u201cMoss\u00e8n XAVIER ESPLANDIU XUCL\u00c0\u201d que ser\u00e1 depositado en el Archivo General de Aran. &nbsp; &nbsp; Moss\u00e8n Xavier Esplandiu Xucl\u00e0 naci\u00f3 en el a\u00f1o 1.938 en Son del&#8230;<\/p>\n","protected":false},"author":2,"featured_media":17030,"comment_status":"closed","ping_status":"closed","sticky":false,"template":"","format":"standard","meta":{"footnotes":""},"categories":[52],"tags":[],"_links":{"self":[{"href":"https:\/\/www.conselharan.org\/es\/wp-json\/wp\/v2\/posts\/17035"}],"collection":[{"href":"https:\/\/www.conselharan.org\/es\/wp-json\/wp\/v2\/posts"}],"about":[{"href":"https:\/\/www.conselharan.org\/es\/wp-json\/wp\/v2\/types\/post"}],"author":[{"embeddable":true,"href":"https:\/\/www.conselharan.org\/es\/wp-json\/wp\/v2\/users\/2"}],"replies":[{"embeddable":true,"href":"https:\/\/www.conselharan.org\/es\/wp-json\/wp\/v2\/comments?post=17035"}],"version-history":[{"count":1,"href":"https:\/\/www.conselharan.org\/es\/wp-json\/wp\/v2\/posts\/17035\/revisions"}],"predecessor-version":[{"id":17036,"href":"https:\/\/www.conselharan.org\/es\/wp-json\/wp\/v2\/posts\/17035\/revisions\/17036"}],"wp:featuredmedia":[{"embeddable":true,"href":"https:\/\/www.conselharan.org\/es\/wp-json\/wp\/v2\/media\/17030"}],"wp:attachment":[{"href":"https:\/\/www.conselharan.org\/es\/wp-json\/wp\/v2\/media?parent=17035"}],"wp:term":[{"taxonomy":"category","embeddable":true,"href":"https:\/\/www.conselharan.org\/es\/wp-json\/wp\/v2\/categories?post=17035"},{"taxonomy":"post_tag","embeddable":true,"href":"https:\/\/www.conselharan.org\/es\/wp-json\/wp\/v2\/tags?post=17035"}],"curies":[{"name":"wp","href":"https:\/\/api.w.org\/{rel}","templated":true}]}}