{"id":17043,"date":"2017-04-21T12:42:01","date_gmt":"2017-04-21T10:42:01","guid":{"rendered":"http:\/\/www.conselharan.org\/es\/?p=17043"},"modified":"2017-04-27T12:59:40","modified_gmt":"2017-04-27T10:59:40","slug":"nuevas-capsulas-formativas-en-el-cei-val-daran-de-casau-a-partir-del-mes-de-mayo","status":"publish","type":"post","link":"https:\/\/www.conselharan.org\/es\/nuevas-capsulas-formativas-en-el-cei-val-daran-de-casau-a-partir-del-mes-de-mayo\/","title":{"rendered":"Nuevas C\u00e1psulas Formativas en el CEI Val d\u2019Aran de Casau a partir del mes de mayo"},"content":{"rendered":"<p>\u2022<strong> Las c\u00e1psulas formativas son gratuitas y tendr\u00e1n lugar en el CEI Val d\u2019Aran de Casau a partir del 11 de mayo.<\/strong><\/p>\n<p><strong>\u2022 Pod\u00e9is consultar las c\u00e1psulas para este a\u00f1o 2017 y realizar la inscripci\u00f3n directamente en la nueva web del CEI Val d\u2019Aran: <a href=\"http:\/\/www.ceivaldaran.org\" target=\"_blank\">www.ceivaldaran.org<\/a>.<\/strong><\/p>\n<p>&nbsp;<\/p>\n<p><img loading=\"lazy\" decoding=\"async\" class=\"aligncenter size-large wp-image-17039\" src=\"http:\/\/www.conselharan.org\/wp-content\/uploads\/2017\/04\/cei-1024x640.jpg\" alt=\"cei\" width=\"1024\" height=\"640\" srcset=\"https:\/\/www.conselharan.org\/wp-content\/uploads\/2017\/04\/cei-1024x640.jpg 1024w, https:\/\/www.conselharan.org\/wp-content\/uploads\/2017\/04\/cei-300x188.jpg 300w, https:\/\/www.conselharan.org\/wp-content\/uploads\/2017\/04\/cei-768x480.jpg 768w, https:\/\/www.conselharan.org\/wp-content\/uploads\/2017\/04\/cei.jpg 1080w\" sizes=\"(max-width: 1024px) 100vw, 1024px\" \/><\/p>\n<p>&nbsp;<\/p>\n<p>El CEI Val d\u2019Aran, junto con GlobaLleida y con el patrocinio de la Diputaci\u00f3n de Lleida, ha organizado para este a\u00f1o 2017 nuevas c\u00e1psulas formativas donde te podr\u00e1s inscribir directamente en la nueva web del CEI Val d\u2019Aran: <a href=\"http:\/\/www.ceivaldaran.org\" target=\"_blank\"><strong>www.ceivaldaran.org<\/strong><\/a>.<\/p>\n<p>Las nuevas c\u00e1psulas son:<\/p>\n<p>&#8211; <strong>\u201cGesti\u00f3n y administraci\u00f3n empresarial<\/strong>\u201d. D\u00eda 11 de mayo, de 10h00 a 14h00.<\/p>\n<p>&#8211; \u201c<strong>Marketing de \u00e9xito con un presupuesto limitado<\/strong>\u201d. D\u00eda 23 de mayo de 10h00 a 14h00.<\/p>\n<p>&#8211; <strong>\u201cLos 10 factores claves en el inicio de un proyecto de auto-ocupaci\u00f3n\u201d<\/strong>. D\u00eda 8 de junio de 10h00 a 14h00.<\/p>\n<p>&#8211; <strong>\u201c10 pasos para crear tu empresa\u201d<\/strong>. D\u00eda 29 de septiembre de 10h00 a 12h00.<\/p>\n<p>&#8211; <strong>\u201cC\u00f3mo ser una empresa legalmente ordenada\u201d.<\/strong> D\u00eda 29 de septiembre de 12h00 a 14h00.<\/p>\n<p>&#8211; <strong>\u201cAprende a hacer un curr\u00edculum creativo\u201d<\/strong>. D\u00eda 17 de octubre de 10h00 a 12h00.<\/p>\n<p>&#8211; <strong>\u201c\u00bfSabes c\u00f3mo hacer un curr\u00edculum para competencias?\u201d<\/strong>. D\u00eda 17 de octubre de 12h00 a 14h00.<\/p>\n<p>&#8211;<strong> \u201cHerramientas y recursos para la b\u00fasqueda de trabajo\u201d<\/strong>. D\u00eda 24 de octubre de 10h00 a 12h00.<\/p>\n<p>&#8211; <strong>\u201cComo interpretar y conocer qu\u00e9 dice mi n\u00f3mina\u201d<\/strong>. D\u00eda 24 de octubre de 12h00 a 14h00.<\/p>\n<p>&#8211; \u00ab<strong>Identifica y conoce los contratos bancarios<\/strong>\u00ab. D\u00eda 15 de noviembre de 10h00 a 12h00.<\/p>\n<p>&#8211; \u00ab<strong>Prevenci\u00f3n de la morosidad a trav\u00e9s de los medios de pago por cr\u00e9dito<\/strong>\u00ab. D\u00eda\u00a015 de noviembre de 12h00 a 14h00.<\/p>\n<p>&nbsp;<\/p>\n<p>Las c\u00e1psulas formativas son gratuitas y tendr\u00e1n lugar en el CEI Val d\u2019Aran de Casau.<\/p>\n<p>&nbsp;<\/p>\n<p>&nbsp;<\/p>\n<p>&nbsp;<\/p>\n<p>Vielha, 21 de abril de 2017<\/p>\n<p>&nbsp;<\/p>\n<p><em>Conselh Generau d&#8217;Aran: N\u00faria Sanjuan<\/em><\/p>\n ","protected":false},"excerpt":{"rendered":"<p>\u2022 Las c\u00e1psulas formativas son gratuitas y tendr\u00e1n lugar en el CEI Val d\u2019Aran de Casau a partir del 11 de mayo. \u2022 Pod\u00e9is consultar las c\u00e1psulas para este a\u00f1o 2017 y realizar la inscripci\u00f3n directamente en la nueva web del CEI Val d\u2019Aran: www.ceivaldaran.org. &nbsp; &nbsp; El CEI Val d\u2019Aran, junto con GlobaLleida y&#8230;<\/p>\n","protected":false},"author":2,"featured_media":17039,"comment_status":"closed","ping_status":"closed","sticky":false,"template":"","format":"standard","meta":{"footnotes":""},"categories":[34,37],"tags":[],"_links":{"self":[{"href":"https:\/\/www.conselharan.org\/es\/wp-json\/wp\/v2\/posts\/17043"}],"collection":[{"href":"https:\/\/www.conselharan.org\/es\/wp-json\/wp\/v2\/posts"}],"about":[{"href":"https:\/\/www.conselharan.org\/es\/wp-json\/wp\/v2\/types\/post"}],"author":[{"embeddable":true,"href":"https:\/\/www.conselharan.org\/es\/wp-json\/wp\/v2\/users\/2"}],"replies":[{"embeddable":true,"href":"https:\/\/www.conselharan.org\/es\/wp-json\/wp\/v2\/comments?post=17043"}],"version-history":[{"count":3,"href":"https:\/\/www.conselharan.org\/es\/wp-json\/wp\/v2\/posts\/17043\/revisions"}],"predecessor-version":[{"id":17111,"href":"https:\/\/www.conselharan.org\/es\/wp-json\/wp\/v2\/posts\/17043\/revisions\/17111"}],"wp:featuredmedia":[{"embeddable":true,"href":"https:\/\/www.conselharan.org\/es\/wp-json\/wp\/v2\/media\/17039"}],"wp:attachment":[{"href":"https:\/\/www.conselharan.org\/es\/wp-json\/wp\/v2\/media?parent=17043"}],"wp:term":[{"taxonomy":"category","embeddable":true,"href":"https:\/\/www.conselharan.org\/es\/wp-json\/wp\/v2\/categories?post=17043"},{"taxonomy":"post_tag","embeddable":true,"href":"https:\/\/www.conselharan.org\/es\/wp-json\/wp\/v2\/tags?post=17043"}],"curies":[{"name":"wp","href":"https:\/\/api.w.org\/{rel}","templated":true}]}}