{"id":17104,"date":"2017-04-27T10:42:55","date_gmt":"2017-04-27T08:42:55","guid":{"rendered":"http:\/\/www.conselharan.org\/es\/?p=17104"},"modified":"2017-04-27T10:42:55","modified_gmt":"2017-04-27T08:42:55","slug":"9-patinadoras-del-cegva-seleccionadas-para-participar-en-el-campeonato-de-espana","status":"publish","type":"post","link":"https:\/\/www.conselharan.org\/es\/9-patinadoras-del-cegva-seleccionadas-para-participar-en-el-campeonato-de-espana\/","title":{"rendered":"9 patinadoras del CEGVA seleccionadas para participar en el Campeonato de Espa\u00f1a"},"content":{"rendered":"<p><img loading=\"lazy\" decoding=\"async\" class=\"aligncenter size-full wp-image-17098\" src=\"http:\/\/www.conselharan.org\/wp-content\/uploads\/2017\/04\/cartelh-espanha.jpeg\" alt=\"cartelh espanha\" width=\"480\" height=\"678\" srcset=\"https:\/\/www.conselharan.org\/wp-content\/uploads\/2017\/04\/cartelh-espanha.jpeg 480w, https:\/\/www.conselharan.org\/wp-content\/uploads\/2017\/04\/cartelh-espanha-212x300.jpeg 212w\" sizes=\"(max-width: 480px) 100vw, 480px\" \/><\/p>\n<p>El pr\u00f3ximo viernes, s\u00e1bado y domingo (28, 29 y 30 de abril) se celebrar\u00e1 el Campeonato de Espa\u00f1a y Copa Federaci\u00f3n en la pista de hielo de Puigcerd\u00e0.<\/p>\n<p>&nbsp;<\/p>\n<p><img loading=\"lazy\" decoding=\"async\" class=\"aligncenter size-large wp-image-17100\" src=\"http:\/\/www.conselharan.org\/wp-content\/uploads\/2017\/04\/cegva.campionat-espanha1-1024x575.jpeg\" alt=\"cegva.campionat espanha1\" width=\"1024\" height=\"575\" srcset=\"https:\/\/www.conselharan.org\/wp-content\/uploads\/2017\/04\/cegva.campionat-espanha1-1024x575.jpeg 1024w, https:\/\/www.conselharan.org\/wp-content\/uploads\/2017\/04\/cegva.campionat-espanha1-300x168.jpeg 300w, https:\/\/www.conselharan.org\/wp-content\/uploads\/2017\/04\/cegva.campionat-espanha1-768x431.jpeg 768w, https:\/\/www.conselharan.org\/wp-content\/uploads\/2017\/04\/cegva.campionat-espanha1.jpeg 1600w\" sizes=\"(max-width: 1024px) 100vw, 1024px\" \/><\/p>\n<p>&nbsp;<\/p>\n<p>Las patinadoras aranesas del Club Deportes de Hielo Val d\u2019Aran (CEGVA) que participar\u00e1n son:<strong> Naia Espa\u00f1a, Claudia Capdevila, Irene Ar\u00eds, Lucia Sanchez, Sara Monteagudo, Iria Espa\u00f1a, Aina Masip, Noa Villacampa <\/strong>y<strong> Georgina Serrallach.<\/strong><\/p>\n<p>&nbsp;<\/p>\n<p><img loading=\"lazy\" decoding=\"async\" class=\"aligncenter size-large wp-image-17099\" src=\"http:\/\/www.conselharan.org\/wp-content\/uploads\/2017\/04\/cegva.campionat-espanha-1024x575.jpeg\" alt=\"cegva.campionat espanha\" width=\"1024\" height=\"575\" srcset=\"https:\/\/www.conselharan.org\/wp-content\/uploads\/2017\/04\/cegva.campionat-espanha-1024x575.jpeg 1024w, https:\/\/www.conselharan.org\/wp-content\/uploads\/2017\/04\/cegva.campionat-espanha-300x168.jpeg 300w, https:\/\/www.conselharan.org\/wp-content\/uploads\/2017\/04\/cegva.campionat-espanha-768x431.jpeg 768w, https:\/\/www.conselharan.org\/wp-content\/uploads\/2017\/04\/cegva.campionat-espanha.jpeg 1600w\" sizes=\"(max-width: 1024px) 100vw, 1024px\" \/><\/p>\n<p>&nbsp;<\/p>\n<p>La competici\u00f3n empieza este viernes con la categor\u00eda Debs, el s\u00e1bado se disputar\u00e1n el B\u00e0sic Novice A y el domingo el B\u00e0sic Novice B y Junior 2.<\/p>\n<p>&nbsp;<\/p>\n<p>&nbsp;<\/p>\n<p>&nbsp;<\/p>\n<p>&nbsp;<\/p>\n<p>Vielha, 27 de abril de 2017<\/p>\n<p>&nbsp;<\/p>\n<p><em>Conselh Generau d&#8217;Aran: N\u00faria Sanjuan<\/em><\/p>\n<p><em>Fuente y fotos: CEGVA<\/em><\/p>\n ","protected":false},"excerpt":{"rendered":"<p>El pr\u00f3ximo viernes, s\u00e1bado y domingo (28, 29 y 30 de abril) se celebrar\u00e1 el Campeonato de Espa\u00f1a y Copa Federaci\u00f3n en la pista de hielo de Puigcerd\u00e0. &nbsp; &nbsp; Las patinadoras aranesas del Club Deportes de Hielo Val d\u2019Aran (CEGVA) que participar\u00e1n son: Naia Espa\u00f1a, Claudia Capdevila, Irene Ar\u00eds, Lucia Sanchez, Sara Monteagudo, Iria&#8230;<\/p>\n","protected":false},"author":2,"featured_media":17100,"comment_status":"closed","ping_status":"closed","sticky":false,"template":"","format":"standard","meta":{"footnotes":""},"categories":[135],"tags":[],"_links":{"self":[{"href":"https:\/\/www.conselharan.org\/es\/wp-json\/wp\/v2\/posts\/17104"}],"collection":[{"href":"https:\/\/www.conselharan.org\/es\/wp-json\/wp\/v2\/posts"}],"about":[{"href":"https:\/\/www.conselharan.org\/es\/wp-json\/wp\/v2\/types\/post"}],"author":[{"embeddable":true,"href":"https:\/\/www.conselharan.org\/es\/wp-json\/wp\/v2\/users\/2"}],"replies":[{"embeddable":true,"href":"https:\/\/www.conselharan.org\/es\/wp-json\/wp\/v2\/comments?post=17104"}],"version-history":[{"count":1,"href":"https:\/\/www.conselharan.org\/es\/wp-json\/wp\/v2\/posts\/17104\/revisions"}],"predecessor-version":[{"id":17105,"href":"https:\/\/www.conselharan.org\/es\/wp-json\/wp\/v2\/posts\/17104\/revisions\/17105"}],"wp:featuredmedia":[{"embeddable":true,"href":"https:\/\/www.conselharan.org\/es\/wp-json\/wp\/v2\/media\/17100"}],"wp:attachment":[{"href":"https:\/\/www.conselharan.org\/es\/wp-json\/wp\/v2\/media?parent=17104"}],"wp:term":[{"taxonomy":"category","embeddable":true,"href":"https:\/\/www.conselharan.org\/es\/wp-json\/wp\/v2\/categories?post=17104"},{"taxonomy":"post_tag","embeddable":true,"href":"https:\/\/www.conselharan.org\/es\/wp-json\/wp\/v2\/tags?post=17104"}],"curies":[{"name":"wp","href":"https:\/\/api.w.org\/{rel}","templated":true}]}}