{"id":17166,"date":"2017-05-02T11:07:12","date_gmt":"2017-05-02T09:07:12","guid":{"rendered":"http:\/\/www.conselharan.org\/es\/?p=17166"},"modified":"2017-05-02T11:23:16","modified_gmt":"2017-05-02T09:23:16","slug":"acto-de-caritas-val-daran-para-el-dia-de-la-madre-regala-amor","status":"publish","type":"post","link":"https:\/\/www.conselharan.org\/es\/acto-de-caritas-val-daran-para-el-dia-de-la-madre-regala-amor\/","title":{"rendered":"Acto de Caritas Val d&#8217;Aran para el d\u00eda de la madre \u00abREGALA AMOR\u00bb"},"content":{"rendered":"<p><img loading=\"lazy\" decoding=\"async\" class=\"aligncenter size-full wp-image-17161\" src=\"http:\/\/www.conselharan.org\/wp-content\/uploads\/2017\/05\/cartell-dia-de-la-mare.jpg\" alt=\"cartell dia de la mare\" width=\"671\" height=\"762\" srcset=\"https:\/\/www.conselharan.org\/wp-content\/uploads\/2017\/05\/cartell-dia-de-la-mare.jpg 671w, https:\/\/www.conselharan.org\/wp-content\/uploads\/2017\/05\/cartell-dia-de-la-mare-264x300.jpg 264w\" sizes=\"(max-width: 671px) 100vw, 671px\" \/><\/p>\n<p>&nbsp;<\/p>\n<p>El pr\u00f3ximo domingo, d\u00eda 7 de mayo, con motivo del d\u00eda de la madre, <strong>Caritas Val d&#8217;Aran<\/strong> organiza una venta de productos artesanales realizados en el taller de manualidades que se ha hecho en el centro de Caritas en Vielha con materiales reciclados.<\/p>\n<p>Tambi\u00e9n se vender\u00e1n flores.<\/p>\n<p>El dinero recaudado ir\u00e1 destinado a los proyectos que se realicen en Caritas Val d&#8217;Aran.<\/p>\n<p>\u00a1\u00a1REGALA AMOR!!<\/p>\n<p>&nbsp;<\/p>\n<p>&nbsp;<\/p>\n<p>&nbsp;<\/p>\n<p>Vielha, 2 de mayo de 2107<\/p>\n<p>&nbsp;<\/p>\n<p><em>Conselh Generau d&#8217;Aran: N\u00faria Sanjuan<\/em><\/p>\n<p><em>Fuente: Caritas Val d&#8217;Aran<\/em><\/p>\n ","protected":false},"excerpt":{"rendered":"<p>&nbsp; El pr\u00f3ximo domingo, d\u00eda 7 de mayo, con motivo del d\u00eda de la madre, Caritas Val d&#8217;Aran organiza una venta de productos artesanales realizados en el taller de manualidades que se ha hecho en el centro de Caritas en Vielha con materiales reciclados. Tambi\u00e9n se vender\u00e1n flores. El dinero recaudado ir\u00e1 destinado a los&#8230;<\/p>\n","protected":false},"author":2,"featured_media":17161,"comment_status":"closed","ping_status":"closed","sticky":false,"template":"","format":"standard","meta":{"footnotes":""},"categories":[34],"tags":[],"_links":{"self":[{"href":"https:\/\/www.conselharan.org\/es\/wp-json\/wp\/v2\/posts\/17166"}],"collection":[{"href":"https:\/\/www.conselharan.org\/es\/wp-json\/wp\/v2\/posts"}],"about":[{"href":"https:\/\/www.conselharan.org\/es\/wp-json\/wp\/v2\/types\/post"}],"author":[{"embeddable":true,"href":"https:\/\/www.conselharan.org\/es\/wp-json\/wp\/v2\/users\/2"}],"replies":[{"embeddable":true,"href":"https:\/\/www.conselharan.org\/es\/wp-json\/wp\/v2\/comments?post=17166"}],"version-history":[{"count":1,"href":"https:\/\/www.conselharan.org\/es\/wp-json\/wp\/v2\/posts\/17166\/revisions"}],"predecessor-version":[{"id":17167,"href":"https:\/\/www.conselharan.org\/es\/wp-json\/wp\/v2\/posts\/17166\/revisions\/17167"}],"wp:featuredmedia":[{"embeddable":true,"href":"https:\/\/www.conselharan.org\/es\/wp-json\/wp\/v2\/media\/17161"}],"wp:attachment":[{"href":"https:\/\/www.conselharan.org\/es\/wp-json\/wp\/v2\/media?parent=17166"}],"wp:term":[{"taxonomy":"category","embeddable":true,"href":"https:\/\/www.conselharan.org\/es\/wp-json\/wp\/v2\/categories?post=17166"},{"taxonomy":"post_tag","embeddable":true,"href":"https:\/\/www.conselharan.org\/es\/wp-json\/wp\/v2\/tags?post=17166"}],"curies":[{"name":"wp","href":"https:\/\/api.w.org\/{rel}","templated":true}]}}