{"id":17175,"date":"2017-05-02T12:35:04","date_gmt":"2017-05-02T10:35:04","guid":{"rendered":"http:\/\/www.conselharan.org\/es\/?p=17175"},"modified":"2017-05-02T12:35:04","modified_gmt":"2017-05-02T10:35:04","slug":"ataque-del-oso-goiat-a-un-potro-en-la-val-daran","status":"publish","type":"post","link":"https:\/\/www.conselharan.org\/es\/ataque-del-oso-goiat-a-un-potro-en-la-val-daran\/","title":{"rendered":"Ataque del oso Goiat a un potro en la Val d\u2019Aran"},"content":{"rendered":"<p>\u2022<strong> Goiat fue liberado en el Pallars en el marco del programa Piroslife el mes de junio del 2016.<\/strong><\/p>\n<p><strong>\u2022 El ataque se ha producido en el t\u00e9rmino municipal de Vilam\u00f2s.<\/strong><\/p>\n<p>&nbsp;<\/p>\n<p><img loading=\"lazy\" decoding=\"async\" class=\"aligncenter size-large wp-image-17170\" src=\"http:\/\/www.conselharan.org\/wp-content\/uploads\/2017\/05\/potro-Vilam\u00f2s-1024x576.jpg\" alt=\"potro- Vilam\u00f2s\" width=\"1024\" height=\"576\" srcset=\"https:\/\/www.conselharan.org\/wp-content\/uploads\/2017\/05\/potro-Vilam\u00f2s-1024x576.jpg 1024w, https:\/\/www.conselharan.org\/wp-content\/uploads\/2017\/05\/potro-Vilam\u00f2s-300x169.jpg 300w, https:\/\/www.conselharan.org\/wp-content\/uploads\/2017\/05\/potro-Vilam\u00f2s-768x432.jpg 768w, https:\/\/www.conselharan.org\/wp-content\/uploads\/2017\/05\/potro-Vilam\u00f2s.jpg 1328w\" sizes=\"(max-width: 1024px) 100vw, 1024px\" \/><\/p>\n<p>&nbsp;<\/p>\n<p>Hoy se ha constatado en la Val d\u2019Aran un ataque del oso Goiat a un potro cerca del n\u00facleo de Vilam\u00f2s, en el t\u00e9rmino municipal del mismo nombre.<\/p>\n<p>&nbsp;<\/p>\n<p><img loading=\"lazy\" decoding=\"async\" class=\"aligncenter size-large wp-image-17171\" src=\"http:\/\/www.conselharan.org\/wp-content\/uploads\/2017\/05\/cap-1024x576.jpg\" alt=\"cap\" width=\"1024\" height=\"576\" srcset=\"https:\/\/www.conselharan.org\/wp-content\/uploads\/2017\/05\/cap-1024x576.jpg 1024w, https:\/\/www.conselharan.org\/wp-content\/uploads\/2017\/05\/cap-300x169.jpg 300w, https:\/\/www.conselharan.org\/wp-content\/uploads\/2017\/05\/cap-768x432.jpg 768w\" sizes=\"(max-width: 1024px) 100vw, 1024px\" \/><\/p>\n<p>&nbsp;<\/p>\n<p>El ataque, que se ha producido esta noche a las 00h00, ha causado la muerte de un potro de dos d\u00edas de vida y tiene la singularidad de ser el primer ataque de oso constatado a una res equina. La muerte del potro ha sido comunicada por un ganadero vecino de la zona y se ha podido constatar la autor\u00eda gracias al seguimiento GPS que se realiza de este macho liberado hace casi un a\u00f1o. El GPS ha fijado con exactitud la presencia de Goiat en el punto donde se ha producido el ataque.<\/p>\n<p>Debido al tipo de movimientos que est\u00e1 realizando, se sospecha que Goiat puede ir acompa\u00f1ado de una osa, considerando que esta es la \u00e9poca de celo de esta especie.<\/p>\n<p>Las localizaciones de las \u00faltimas semanas muestran grandes desplazamientos de Goiat hacia Francia y hacia el Pallars Sobir\u00e0, estos desplazamientos podr\u00edan estar justificados por la b\u00fasqueda de hembras en celo.<\/p>\n<p>Este ataque en el municipio de Vilam\u00f2s reubica a Goiat nuevamente en los valles centrales de Aran donde ha estabilizado sus movimientos estos \u00faltimas d\u00edas.<\/p>\n<p>&nbsp;<\/p>\n<p>&nbsp;<\/p>\n<p>&nbsp;<\/p>\n<p>Vielha, 2 de mayo de 2017<\/p>\n<p>&nbsp;<\/p>\n<p><em>Conselh Generau d&#8217;Aran: N\u00faria Sanjuan\u00a0<\/em><\/p>\n ","protected":false},"excerpt":{"rendered":"<p>\u2022 Goiat fue liberado en el Pallars en el marco del programa Piroslife el mes de junio del 2016. \u2022 El ataque se ha producido en el t\u00e9rmino municipal de Vilam\u00f2s. &nbsp; &nbsp; Hoy se ha constatado en la Val d\u2019Aran un ataque del oso Goiat a un potro cerca del n\u00facleo de Vilam\u00f2s, en&#8230;<\/p>\n","protected":false},"author":2,"featured_media":17170,"comment_status":"closed","ping_status":"closed","sticky":false,"template":"","format":"standard","meta":{"footnotes":""},"categories":[129,126,34],"tags":[],"_links":{"self":[{"href":"https:\/\/www.conselharan.org\/es\/wp-json\/wp\/v2\/posts\/17175"}],"collection":[{"href":"https:\/\/www.conselharan.org\/es\/wp-json\/wp\/v2\/posts"}],"about":[{"href":"https:\/\/www.conselharan.org\/es\/wp-json\/wp\/v2\/types\/post"}],"author":[{"embeddable":true,"href":"https:\/\/www.conselharan.org\/es\/wp-json\/wp\/v2\/users\/2"}],"replies":[{"embeddable":true,"href":"https:\/\/www.conselharan.org\/es\/wp-json\/wp\/v2\/comments?post=17175"}],"version-history":[{"count":1,"href":"https:\/\/www.conselharan.org\/es\/wp-json\/wp\/v2\/posts\/17175\/revisions"}],"predecessor-version":[{"id":17176,"href":"https:\/\/www.conselharan.org\/es\/wp-json\/wp\/v2\/posts\/17175\/revisions\/17176"}],"wp:featuredmedia":[{"embeddable":true,"href":"https:\/\/www.conselharan.org\/es\/wp-json\/wp\/v2\/media\/17170"}],"wp:attachment":[{"href":"https:\/\/www.conselharan.org\/es\/wp-json\/wp\/v2\/media?parent=17175"}],"wp:term":[{"taxonomy":"category","embeddable":true,"href":"https:\/\/www.conselharan.org\/es\/wp-json\/wp\/v2\/categories?post=17175"},{"taxonomy":"post_tag","embeddable":true,"href":"https:\/\/www.conselharan.org\/es\/wp-json\/wp\/v2\/tags?post=17175"}],"curies":[{"name":"wp","href":"https:\/\/api.w.org\/{rel}","templated":true}]}}