{"id":17288,"date":"2017-05-10T11:21:50","date_gmt":"2017-05-10T09:21:50","guid":{"rendered":"http:\/\/www.conselharan.org\/es\/?p=17288"},"modified":"2017-05-10T11:21:50","modified_gmt":"2017-05-10T09:21:50","slug":"pfi-plan-de-transicion-en-el-trabajo-val-daran","status":"publish","type":"post","link":"https:\/\/www.conselharan.org\/es\/pfi-plan-de-transicion-en-el-trabajo-val-daran\/","title":{"rendered":"PFI- Plan de Transici\u00f3n en el Trabajo Val d\u2019Aran"},"content":{"rendered":"<p><strong>\u2022 Preinscripciones del 15 al 26 de mayo de 2017 (ambos incluidos)<\/strong><\/p>\n<p>&nbsp;<\/p>\n<p><img loading=\"lazy\" decoding=\"async\" class=\"aligncenter size-full wp-image-17282\" src=\"http:\/\/www.conselharan.org\/wp-content\/uploads\/2017\/05\/office-2065542_960_720.jpg\" alt=\"office-2065542_960_720\" width=\"960\" height=\"640\" srcset=\"https:\/\/www.conselharan.org\/wp-content\/uploads\/2017\/05\/office-2065542_960_720.jpg 960w, https:\/\/www.conselharan.org\/wp-content\/uploads\/2017\/05\/office-2065542_960_720-300x200.jpg 300w, https:\/\/www.conselharan.org\/wp-content\/uploads\/2017\/05\/office-2065542_960_720-768x512.jpg 768w\" sizes=\"(max-width: 960px) 100vw, 960px\" \/><\/p>\n<p>&nbsp;<\/p>\n<p>Si tienes entre<strong> 16 y 21 a\u00f1os, NO tienes el t\u00edtulo del graduado escolar<\/strong> pero tienes ganas de formarte en alguna profesi\u00f3n, entrar en el mundo laboral o aumentar tus posibilidades de continuar la formaci\u00f3n profesional en un grado medio, te puedes inscribir en el Programa de formaci\u00f3n e inserci\u00f3n del PTT VAL D\u2019ARAN.<\/p>\n<p>Nuestro perfil es de <strong>AUXILIAR EN VENTAS, OFICINA Y ATENCI\u00d3N Al P\u00daBLICO<\/strong>. Recibir\u00e1s formaci\u00f3n profesional en el \u00e1mbito del comercio: atenci\u00f3n al cliente, empaquetado, almac\u00e9n, ofim\u00e1tica y t\u00e9cnicas administrativas b\u00e1sicas, entre otras, y podr\u00e1s aplicarlo y continuar aprendiendo a trav\u00e9s de las pr\u00e1cticas en empresa.<\/p>\n<p>Adem\u00e1s de tener la oportunidad de ponerte al d\u00eda con contenidos b\u00e1sicos como las matem\u00e1ticas, las lenguas y el conocimiento del entorno, podr\u00e1s obtener facilidades para aprobar la prueba de acceso a Ciclos Formativos de Grado Medio, en caso de querer continuar la formaci\u00f3n profesional.<\/p>\n<p>La duraci\u00f3n es de un curso escolar (1.000h), un a\u00f1o para aprovechar al m\u00e1ximo!<\/p>\n<p>\u00a1An\u00edmate! Las preinscripciones ser\u00e1n la 2\u00aa quincena de mayo.<\/p>\n<p>Para cualquier duda o m\u00e1s informaci\u00f3n nos encontrar\u00e1s en: CFA Val d\u2019Aran o en el tel\u00e9fono 973 64 13 64 (preguntar por M\u00edriam Arj\u00f3)<\/p>\n<p>Preinscripciones del 15 al 26 de mayo de 2017 (ambos incluidos)<\/p>\n<p>&nbsp;<\/p>\n<p>&nbsp;<\/p>\n<p>&nbsp;<\/p>\n<p>&nbsp;<\/p>\n<p>Vielha, 10 de mayo de 2017<\/p>\n<p>&nbsp;<\/p>\n<p><em>Conselh Generau d&#8217;Aran: N\u00faria Sanjuan<\/em><\/p>\n ","protected":false},"excerpt":{"rendered":"<p>\u2022 Preinscripciones del 15 al 26 de mayo de 2017 (ambos incluidos) &nbsp; &nbsp; Si tienes entre 16 y 21 a\u00f1os, NO tienes el t\u00edtulo del graduado escolar pero tienes ganas de formarte en alguna profesi\u00f3n, entrar en el mundo laboral o aumentar tus posibilidades de continuar la formaci\u00f3n profesional en un grado medio, te&#8230;<\/p>\n","protected":false},"author":2,"featured_media":17282,"comment_status":"closed","ping_status":"closed","sticky":false,"template":"","format":"standard","meta":{"footnotes":""},"categories":[34],"tags":[],"_links":{"self":[{"href":"https:\/\/www.conselharan.org\/es\/wp-json\/wp\/v2\/posts\/17288"}],"collection":[{"href":"https:\/\/www.conselharan.org\/es\/wp-json\/wp\/v2\/posts"}],"about":[{"href":"https:\/\/www.conselharan.org\/es\/wp-json\/wp\/v2\/types\/post"}],"author":[{"embeddable":true,"href":"https:\/\/www.conselharan.org\/es\/wp-json\/wp\/v2\/users\/2"}],"replies":[{"embeddable":true,"href":"https:\/\/www.conselharan.org\/es\/wp-json\/wp\/v2\/comments?post=17288"}],"version-history":[{"count":1,"href":"https:\/\/www.conselharan.org\/es\/wp-json\/wp\/v2\/posts\/17288\/revisions"}],"predecessor-version":[{"id":17289,"href":"https:\/\/www.conselharan.org\/es\/wp-json\/wp\/v2\/posts\/17288\/revisions\/17289"}],"wp:featuredmedia":[{"embeddable":true,"href":"https:\/\/www.conselharan.org\/es\/wp-json\/wp\/v2\/media\/17282"}],"wp:attachment":[{"href":"https:\/\/www.conselharan.org\/es\/wp-json\/wp\/v2\/media?parent=17288"}],"wp:term":[{"taxonomy":"category","embeddable":true,"href":"https:\/\/www.conselharan.org\/es\/wp-json\/wp\/v2\/categories?post=17288"},{"taxonomy":"post_tag","embeddable":true,"href":"https:\/\/www.conselharan.org\/es\/wp-json\/wp\/v2\/tags?post=17288"}],"curies":[{"name":"wp","href":"https:\/\/api.w.org\/{rel}","templated":true}]}}