{"id":17342,"date":"2017-05-12T14:37:36","date_gmt":"2017-05-12T12:37:36","guid":{"rendered":"http:\/\/www.conselharan.org\/es\/?p=17342"},"modified":"2017-05-12T14:37:36","modified_gmt":"2017-05-12T12:37:36","slug":"el-conselh-generau-daran-col%c2%b7labora-en-lelaboracio-dels-plans-de-proteccio-civil-darres-bausen-i-vilamos","status":"publish","type":"post","link":"https:\/\/www.conselharan.org\/es\/el-conselh-generau-daran-col%c2%b7labora-en-lelaboracio-dels-plans-de-proteccio-civil-darres-bausen-i-vilamos\/","title":{"rendered":"El Conselh Generau d\u2019Aran col\u00b7labora en l\u2019elaboraci\u00f3 dels Plans de Protecci\u00f3 Civil d\u2019Arres, Bausen i Vilam\u00f2s"},"content":{"rendered":"<p>&nbsp;<\/p>\n<p>Vielha, 12 de maig de 2017.- El <strong>Conselh Generau d\u2019Aran<\/strong> ha signat un conveni de col\u00b7laboraci\u00f3 amb els ajuntaments d\u2019<strong>Arres, Bausen i Vilam\u00f2s<\/strong> per tal d\u2019elaborar el <strong>document \u00fanic de Protecci\u00f3 Civil Municipal (DUPROCIM<\/strong>), amb l\u2019objectiu de donar suport, assist\u00e8ncia i col\u00b7laboraci\u00f3 a les funcions municipals de Protecci\u00f3 Civil en aquells municipis amb recursos limitats tan t\u00e8cnics com humans.<\/p>\n<p><a href=\"http:\/\/www.conselharan.org\/wp-content\/uploads\/2017\/05\/Captura-de-pantalla-completa-12052017-143412.jpg\"><img loading=\"lazy\" decoding=\"async\" class=\"aligncenter size-large wp-image-17338\" src=\"http:\/\/www.conselharan.org\/wp-content\/uploads\/2017\/05\/Captura-de-pantalla-completa-12052017-143412-1024x770.jpg\" alt=\"Captura de pantalla completa 12052017 143412\" width=\"1024\" height=\"770\" srcset=\"https:\/\/www.conselharan.org\/wp-content\/uploads\/2017\/05\/Captura-de-pantalla-completa-12052017-143412-1024x770.jpg 1024w, https:\/\/www.conselharan.org\/wp-content\/uploads\/2017\/05\/Captura-de-pantalla-completa-12052017-143412-300x226.jpg 300w, https:\/\/www.conselharan.org\/wp-content\/uploads\/2017\/05\/Captura-de-pantalla-completa-12052017-143412-768x578.jpg 768w, https:\/\/www.conselharan.org\/wp-content\/uploads\/2017\/05\/Captura-de-pantalla-completa-12052017-143412.jpg 1171w\" sizes=\"(max-width: 1024px) 100vw, 1024px\" \/><\/a><\/p>\n<p>El Conselh Generau d\u2019Aran, d\u2019acord amb l\u2019article 85 de la Llei 1\/2015 de regim especial d\u2019Aran, desenvolupa el servei de col\u00b7laboraci\u00f3 i coordinaci\u00f3 per servir amb efici\u00e8ncia els interessos col\u00b7lectius de la Val d\u2019Aran respectant les compet\u00e8ncies respectives.<\/p>\n<p>L\u2019elaboraci\u00f3 dels plans de protecci\u00f3 civil municipal dels ajuntaments d\u2019Arres, Bausen i Vilam\u00f2s, dona compliment a la Llei 4\/97 de protecci\u00f3 civil de Catalunya.<\/p>\n<p>Es dona el cas que aquests tres municipis eren fins a dia d\u2019avui els que encara no disposaven dels corresponents\u00a0 plans de protecci\u00f3 civil com la resta de municipis aranesos.<\/p>\n<p>Per a la confecci\u00f3 dels plans, els ajuntaments facilitaran les dades que siguin necess\u00e0ries\u00a0 i s\u2019elaborar\u00e0 la cartografia b\u00e0sica corresponent als riscos inclosos al DUPROCIM per a cada municipi.<\/p>\n ","protected":false},"excerpt":{"rendered":"<p>&nbsp; Vielha, 12 de maig de 2017.- El Conselh Generau d\u2019Aran ha signat un conveni de col\u00b7laboraci\u00f3 amb els ajuntaments d\u2019Arres, Bausen i Vilam\u00f2s per tal d\u2019elaborar el document \u00fanic de Protecci\u00f3 Civil Municipal (DUPROCIM), amb l\u2019objectiu de donar suport, assist\u00e8ncia i col\u00b7laboraci\u00f3 a les funcions municipals de Protecci\u00f3 Civil en aquells municipis amb recursos&#8230;<\/p>\n","protected":false},"author":2,"featured_media":17338,"comment_status":"closed","ping_status":"closed","sticky":false,"template":"","format":"standard","meta":{"footnotes":""},"categories":[34],"tags":[],"_links":{"self":[{"href":"https:\/\/www.conselharan.org\/es\/wp-json\/wp\/v2\/posts\/17342"}],"collection":[{"href":"https:\/\/www.conselharan.org\/es\/wp-json\/wp\/v2\/posts"}],"about":[{"href":"https:\/\/www.conselharan.org\/es\/wp-json\/wp\/v2\/types\/post"}],"author":[{"embeddable":true,"href":"https:\/\/www.conselharan.org\/es\/wp-json\/wp\/v2\/users\/2"}],"replies":[{"embeddable":true,"href":"https:\/\/www.conselharan.org\/es\/wp-json\/wp\/v2\/comments?post=17342"}],"version-history":[{"count":1,"href":"https:\/\/www.conselharan.org\/es\/wp-json\/wp\/v2\/posts\/17342\/revisions"}],"predecessor-version":[{"id":17343,"href":"https:\/\/www.conselharan.org\/es\/wp-json\/wp\/v2\/posts\/17342\/revisions\/17343"}],"wp:featuredmedia":[{"embeddable":true,"href":"https:\/\/www.conselharan.org\/es\/wp-json\/wp\/v2\/media\/17338"}],"wp:attachment":[{"href":"https:\/\/www.conselharan.org\/es\/wp-json\/wp\/v2\/media?parent=17342"}],"wp:term":[{"taxonomy":"category","embeddable":true,"href":"https:\/\/www.conselharan.org\/es\/wp-json\/wp\/v2\/categories?post=17342"},{"taxonomy":"post_tag","embeddable":true,"href":"https:\/\/www.conselharan.org\/es\/wp-json\/wp\/v2\/tags?post=17342"}],"curies":[{"name":"wp","href":"https:\/\/api.w.org\/{rel}","templated":true}]}}