{"id":17381,"date":"2017-05-17T16:46:05","date_gmt":"2017-05-17T14:46:05","guid":{"rendered":"http:\/\/www.conselharan.org\/es\/?p=17381"},"modified":"2017-05-23T16:50:20","modified_gmt":"2017-05-23T14:50:20","slug":"beltran-bascones-subcampeon-en-categoria-katas-del-xvi-campeonato-interautonomico-a-n-k-zaragoza-2017","status":"publish","type":"post","link":"https:\/\/www.conselharan.org\/es\/beltran-bascones-subcampeon-en-categoria-katas-del-xvi-campeonato-interautonomico-a-n-k-zaragoza-2017\/","title":{"rendered":"Beltran Bascones subcampe\u00f3n en Categoria Katas del XVI Campeonato Interauton\u00f3mico A.N.K. Zaragoza 2017"},"content":{"rendered":"<p>Vielha, 17 de mayo de 2017.- El pasado s\u00e1bado 13 de mayo, se disputo en Zaragoza la XVI edici\u00f3n del Campeonato Interauton\u00f3mico A.N.K. (Asociaci\u00f3n Nacional Kyokushinkai).<\/p>\n<p><a href=\"http:\/\/www.conselharan.org\/wp-content\/uploads\/2017\/05\/IMG-20170513-WA0002.jpg\"><img loading=\"lazy\" decoding=\"async\" class=\"aligncenter size-large wp-image-17378\" src=\"http:\/\/www.conselharan.org\/wp-content\/uploads\/2017\/05\/IMG-20170513-WA0002-768x1024.jpg\" alt=\"IMG-20170513-WA0002\" width=\"768\" height=\"1024\" srcset=\"https:\/\/www.conselharan.org\/wp-content\/uploads\/2017\/05\/IMG-20170513-WA0002.jpg 768w, https:\/\/www.conselharan.org\/wp-content\/uploads\/2017\/05\/IMG-20170513-WA0002-225x300.jpg 225w\" sizes=\"(max-width: 768px) 100vw, 768px\" \/><\/a><\/p>\n<p>El XVI Campeonato Interauton\u00f3mico (Catalunya, Arag\u00f3n, Rioja, Navarra), se celebr\u00f3 en el Pabell\u00f3n Siglo XXI de Zaragoza, siendo la prueba final de los Juegos Escolares 2017 disputados el 24 de enero pasado.<\/p>\n<p>El competidor aran\u00e9s <strong>Beltr<\/strong><strong>\u00e1<\/strong><strong>n Bascones<\/strong>, de Karate Aran, consigui\u00f3 dos magn\u00edficos resultados clasific\u00e1ndose como Subcampe\u00f3n en Categor\u00eda Katas (Formas), y siendo 3\u00ba en la categor\u00eda de Kumite (Combate).<\/p>\n<p><strong>Lu<\/strong><strong>\u00ed<\/strong><strong>s Carlos Medina<\/strong>, vicesindic d\u2019Aran y conselh\u00e8r d\u2019Esports, ha transmitido la felicitaci\u00f3n del Gov\u00e8rn d\u2019Aran al deportista y al club, anim\u00e1ndoles a continuar trabajando para conseguir \u00e9xitos deportivos para el Valle de Aran.<\/p>\n<p>&nbsp;<\/p>\n ","protected":false},"excerpt":{"rendered":"<p>Vielha, 17 de mayo de 2017.- El pasado s\u00e1bado 13 de mayo, se disputo en Zaragoza la XVI edici\u00f3n del Campeonato Interauton\u00f3mico A.N.K. (Asociaci\u00f3n Nacional Kyokushinkai). El XVI Campeonato Interauton\u00f3mico (Catalunya, Arag\u00f3n, Rioja, Navarra), se celebr\u00f3 en el Pabell\u00f3n Siglo XXI de Zaragoza, siendo la prueba final de los Juegos Escolares 2017 disputados el 24&#8230;<\/p>\n","protected":false},"author":2,"featured_media":17378,"comment_status":"closed","ping_status":"closed","sticky":false,"template":"","format":"standard","meta":{"footnotes":""},"categories":[135],"tags":[],"_links":{"self":[{"href":"https:\/\/www.conselharan.org\/es\/wp-json\/wp\/v2\/posts\/17381"}],"collection":[{"href":"https:\/\/www.conselharan.org\/es\/wp-json\/wp\/v2\/posts"}],"about":[{"href":"https:\/\/www.conselharan.org\/es\/wp-json\/wp\/v2\/types\/post"}],"author":[{"embeddable":true,"href":"https:\/\/www.conselharan.org\/es\/wp-json\/wp\/v2\/users\/2"}],"replies":[{"embeddable":true,"href":"https:\/\/www.conselharan.org\/es\/wp-json\/wp\/v2\/comments?post=17381"}],"version-history":[{"count":1,"href":"https:\/\/www.conselharan.org\/es\/wp-json\/wp\/v2\/posts\/17381\/revisions"}],"predecessor-version":[{"id":17382,"href":"https:\/\/www.conselharan.org\/es\/wp-json\/wp\/v2\/posts\/17381\/revisions\/17382"}],"wp:featuredmedia":[{"embeddable":true,"href":"https:\/\/www.conselharan.org\/es\/wp-json\/wp\/v2\/media\/17378"}],"wp:attachment":[{"href":"https:\/\/www.conselharan.org\/es\/wp-json\/wp\/v2\/media?parent=17381"}],"wp:term":[{"taxonomy":"category","embeddable":true,"href":"https:\/\/www.conselharan.org\/es\/wp-json\/wp\/v2\/categories?post=17381"},{"taxonomy":"post_tag","embeddable":true,"href":"https:\/\/www.conselharan.org\/es\/wp-json\/wp\/v2\/tags?post=17381"}],"curies":[{"name":"wp","href":"https:\/\/api.w.org\/{rel}","templated":true}]}}