{"id":17391,"date":"2017-05-18T18:49:11","date_gmt":"2017-05-18T16:49:11","guid":{"rendered":"http:\/\/www.conselharan.org\/es\/?p=17391"},"modified":"2017-05-18T18:49:45","modified_gmt":"2017-05-18T16:49:45","slug":"acto-de-reconocimiento-a-los-deportistas-y-entidades-del-alt-pirineu-y-aran-2016","status":"publish","type":"post","link":"https:\/\/www.conselharan.org\/es\/acto-de-reconocimiento-a-los-deportistas-y-entidades-del-alt-pirineu-y-aran-2016\/","title":{"rendered":"Acto de reconocimiento a los deportistas y entidades del Alt Pirineu y Aran 2016"},"content":{"rendered":"<p>Vielha, 17 de mayo de 2017.- El secretario general del Deporte de la Generalitat de Catalu\u00f1a, <strong>Gerard Figueras<\/strong>, acompa\u00f1ado entre otros del vicesindic d\u2019Aran y consejero de Deportes, <strong>Lu\u00eds Carlos Medina<\/strong>, ha presidido en la Seu d\u2019Urgell, el acto de reconocimiento a los deportistas del Alto Pirineo y el Valle de Aran, que durante el a\u00f1o 2016 han destacado por sus m\u00e9ritos y esfuerzos deportivos.<\/p>\n<p><a href=\"http:\/\/www.conselharan.org\/wp-content\/uploads\/2017\/05\/18491408_1391235877627610_4774821434631814567_o.jpg\"><img loading=\"lazy\" decoding=\"async\" class=\"aligncenter size-large wp-image-17388\" src=\"http:\/\/www.conselharan.org\/wp-content\/uploads\/2017\/05\/18491408_1391235877627610_4774821434631814567_o-1024x900.jpg\" alt=\"18491408_1391235877627610_4774821434631814567_o\" width=\"1024\" height=\"900\" srcset=\"https:\/\/www.conselharan.org\/wp-content\/uploads\/2017\/05\/18491408_1391235877627610_4774821434631814567_o-1024x900.jpg 1024w, https:\/\/www.conselharan.org\/wp-content\/uploads\/2017\/05\/18491408_1391235877627610_4774821434631814567_o-300x264.jpg 300w, https:\/\/www.conselharan.org\/wp-content\/uploads\/2017\/05\/18491408_1391235877627610_4774821434631814567_o-768x675.jpg 768w, https:\/\/www.conselharan.org\/wp-content\/uploads\/2017\/05\/18491408_1391235877627610_4774821434631814567_o.jpg 1600w\" sizes=\"(max-width: 1024px) 100vw, 1024px\" \/><\/a><\/p>\n<p>En el caso de los deportistas araneses, se ha reconocido a <strong>Miguel Caballero Ortega (Club Excursionista Aran); Lydia Iglesias Bares (ANEC); Marc Vidal Bardolet (ANEC); Roger Espinet (CAEI); Julia Bargall\u00f3 (CAEI), \u00c0lex Puente (CAEI); Lluc Montes (CEVA); Octavi Ar\u00eds (CAEI); Ana Ram\u00f3n Hinojosa (CEVA); Marta Moreno Ramos (CAEI); Mar\u00eda Iglesias Bares (ANEC); Andreu Perdices (Club Sant Pere i Sant Pau).<\/strong><\/p>\n<p>El acto, celebrado en la Sala Santo Domingo de la Seu d\u2019Urgell, ha distinguido a 51 deportistas de alto nivel y a 2 clubes deportivos por sus m\u00e9ritos durante el a\u00f1o 2016. De los 53 reconocimientos entregados, 51 han sido a deportistas individuales, correspondientes a 21 mujeres y 30 hombres. Los reconocidos pertenecen a 20 clubes y entidades diferentes, de los cuales 17 con sede en el Alt Pirineu y Aran, y se incluyen en 7 disciplinas deportivas o federaciones diferentes: actividades subacu\u00e1ticas, baloncesto, excursionismo, deportes de invierno, motociclismo, pirag\u00fcismo y voleibol.<\/p>\n<p>Durante el acto de reconocimiento a los deportistas, el vicesindic y consejero de Deportes de Aran, Lu\u00eds Carlos Medina, expres\u00f3 la satisfacci\u00f3n del Gobierno de Aran por los logros alcanzados por los deportistas araneses esta temporada y puso de manifiesto que el Conselh Generau d\u2019Aran continuar\u00e1 ofreciendo todo su apoyo a los deportistas araneses para que puedan seguir manteniendo el alto nivel demostrado durante el a\u00f1o 2016.<\/p>\n<p><a href=\"http:\/\/www.conselharan.org\/wp-content\/uploads\/2017\/05\/18491641_1391235930960938_3368903308261285111_o.jpg\"><img loading=\"lazy\" decoding=\"async\" class=\"aligncenter size-large wp-image-17389\" src=\"http:\/\/www.conselharan.org\/wp-content\/uploads\/2017\/05\/18491641_1391235930960938_3368903308261285111_o-1024x682.jpg\" alt=\"18491641_1391235930960938_3368903308261285111_o\" width=\"1024\" height=\"682\" srcset=\"https:\/\/www.conselharan.org\/wp-content\/uploads\/2017\/05\/18491641_1391235930960938_3368903308261285111_o-1024x682.jpg 1024w, https:\/\/www.conselharan.org\/wp-content\/uploads\/2017\/05\/18491641_1391235930960938_3368903308261285111_o-300x200.jpg 300w, https:\/\/www.conselharan.org\/wp-content\/uploads\/2017\/05\/18491641_1391235930960938_3368903308261285111_o-768x512.jpg 768w, https:\/\/www.conselharan.org\/wp-content\/uploads\/2017\/05\/18491641_1391235930960938_3368903308261285111_o.jpg 2048w\" sizes=\"(max-width: 1024px) 100vw, 1024px\" \/><\/a><\/p>\n ","protected":false},"excerpt":{"rendered":"<p>Vielha, 17 de mayo de 2017.- El secretario general del Deporte de la Generalitat de Catalu\u00f1a, Gerard Figueras, acompa\u00f1ado entre otros del vicesindic d\u2019Aran y consejero de Deportes, Lu\u00eds Carlos Medina, ha presidido en la Seu d\u2019Urgell, el acto de reconocimiento a los deportistas del Alto Pirineo y el Valle de Aran, que durante el&#8230;<\/p>\n","protected":false},"author":2,"featured_media":17388,"comment_status":"closed","ping_status":"closed","sticky":false,"template":"","format":"standard","meta":{"footnotes":""},"categories":[34],"tags":[],"_links":{"self":[{"href":"https:\/\/www.conselharan.org\/es\/wp-json\/wp\/v2\/posts\/17391"}],"collection":[{"href":"https:\/\/www.conselharan.org\/es\/wp-json\/wp\/v2\/posts"}],"about":[{"href":"https:\/\/www.conselharan.org\/es\/wp-json\/wp\/v2\/types\/post"}],"author":[{"embeddable":true,"href":"https:\/\/www.conselharan.org\/es\/wp-json\/wp\/v2\/users\/2"}],"replies":[{"embeddable":true,"href":"https:\/\/www.conselharan.org\/es\/wp-json\/wp\/v2\/comments?post=17391"}],"version-history":[{"count":2,"href":"https:\/\/www.conselharan.org\/es\/wp-json\/wp\/v2\/posts\/17391\/revisions"}],"predecessor-version":[{"id":17393,"href":"https:\/\/www.conselharan.org\/es\/wp-json\/wp\/v2\/posts\/17391\/revisions\/17393"}],"wp:featuredmedia":[{"embeddable":true,"href":"https:\/\/www.conselharan.org\/es\/wp-json\/wp\/v2\/media\/17388"}],"wp:attachment":[{"href":"https:\/\/www.conselharan.org\/es\/wp-json\/wp\/v2\/media?parent=17391"}],"wp:term":[{"taxonomy":"category","embeddable":true,"href":"https:\/\/www.conselharan.org\/es\/wp-json\/wp\/v2\/categories?post=17391"},{"taxonomy":"post_tag","embeddable":true,"href":"https:\/\/www.conselharan.org\/es\/wp-json\/wp\/v2\/tags?post=17391"}],"curies":[{"name":"wp","href":"https:\/\/api.w.org\/{rel}","templated":true}]}}