{"id":17423,"date":"2017-05-19T13:08:27","date_gmt":"2017-05-19T11:08:27","guid":{"rendered":"http:\/\/www.conselharan.org\/es\/?p=17423"},"modified":"2017-05-19T13:08:27","modified_gmt":"2017-05-19T11:08:27","slug":"formacion-conjunta-del-grm-de-pompiers-daran-y-la-asociacion-de-guias-de-alta-montana-del-valle-de-aran","status":"publish","type":"post","link":"https:\/\/www.conselharan.org\/es\/formacion-conjunta-del-grm-de-pompiers-daran-y-la-asociacion-de-guias-de-alta-montana-del-valle-de-aran\/","title":{"rendered":"Formaci\u00f3n conjunta del GRM de Pompi\u00e8rs d\u2019Aran y la Asociaci\u00f3n de Gu\u00edas de Alta Monta\u00f1a del Valle de Aran"},"content":{"rendered":"<p>Vielha, 19 de mayo de 2017.- Esta semana el <strong>Grupo de Rescate de Monta\u00f1a<\/strong> <strong>(GRM)<\/strong> de los Pompi\u00e8rs d\u2019Aran y la <strong>Asociaci\u00f3n de Gu\u00edas de Alta Monta\u00f1a del Valle de Aran<\/strong>, han realizado una jornada de formaci\u00f3n conjunta, con el objetivo de compartir experiencias y conocimientos para mejorar las acciones que ambos desarrollan en sus actividades.<\/p>\n<p><a href=\"http:\/\/www.conselharan.org\/wp-content\/uploads\/2017\/05\/IMG_0784.jpg\"><img loading=\"lazy\" decoding=\"async\" class=\"aligncenter size-large wp-image-17417\" src=\"http:\/\/www.conselharan.org\/wp-content\/uploads\/2017\/05\/IMG_0784-1024x768.jpg\" alt=\"IMG_0784\" width=\"1024\" height=\"768\" srcset=\"https:\/\/www.conselharan.org\/wp-content\/uploads\/2017\/05\/IMG_0784-1024x768.jpg 1024w, https:\/\/www.conselharan.org\/wp-content\/uploads\/2017\/05\/IMG_0784-300x225.jpg 300w, https:\/\/www.conselharan.org\/wp-content\/uploads\/2017\/05\/IMG_0784-768x576.jpg 768w, https:\/\/www.conselharan.org\/wp-content\/uploads\/2017\/05\/IMG_0784.jpg 1600w\" sizes=\"(max-width: 1024px) 100vw, 1024px\" \/><\/a><\/p>\n<p>La formaci\u00f3n se desarroll\u00f3 en la zona de escalada de Bagergue, y consisti\u00f3 en la puesta en com\u00fan de las experiencias en rescates de monta\u00f1a y actuaciones en caso de aludes, adem\u00e1s de actuaciones en el \u00e1mbito sanitario por parte del GRM los Pompi\u00e8rs d\u2019Aran y de las aportaciones t\u00e9cnicas y competencias de los gu\u00edas de alta monta\u00f1a del valle de Aran.<\/p>\n<p>La Asociaci\u00f3n de Gu\u00edas de Alta Monta\u00f1a del Valle de Aran agrupa los T\u00e9cnicos Deportivos de Alta Monta\u00f1a y Gu\u00edas UIAGM que trabajan en el Valle de Aran, con el objetivo de promover y velar por la calidad del servicio que ofrecen.<\/p>\n<p><a href=\"http:\/\/www.conselharan.org\/wp-content\/uploads\/2017\/05\/IMG_0788.jpg\"><img loading=\"lazy\" decoding=\"async\" class=\"aligncenter size-large wp-image-17419\" src=\"http:\/\/www.conselharan.org\/wp-content\/uploads\/2017\/05\/IMG_0788-1024x768.jpg\" alt=\"IMG_0788\" width=\"1024\" height=\"768\" srcset=\"https:\/\/www.conselharan.org\/wp-content\/uploads\/2017\/05\/IMG_0788-1024x768.jpg 1024w, https:\/\/www.conselharan.org\/wp-content\/uploads\/2017\/05\/IMG_0788-300x225.jpg 300w, https:\/\/www.conselharan.org\/wp-content\/uploads\/2017\/05\/IMG_0788-768x576.jpg 768w, https:\/\/www.conselharan.org\/wp-content\/uploads\/2017\/05\/IMG_0788.jpg 1600w\" sizes=\"(max-width: 1024px) 100vw, 1024px\" \/><\/a><\/p>\n ","protected":false},"excerpt":{"rendered":"<p>Vielha, 19 de mayo de 2017.- Esta semana el Grupo de Rescate de Monta\u00f1a (GRM) de los Pompi\u00e8rs d\u2019Aran y la Asociaci\u00f3n de Gu\u00edas de Alta Monta\u00f1a del Valle de Aran, han realizado una jornada de formaci\u00f3n conjunta, con el objetivo de compartir experiencias y conocimientos para mejorar las acciones que ambos desarrollan en sus&#8230;<\/p>\n","protected":false},"author":2,"featured_media":17417,"comment_status":"closed","ping_status":"closed","sticky":false,"template":"","format":"standard","meta":{"footnotes":""},"categories":[34],"tags":[],"_links":{"self":[{"href":"https:\/\/www.conselharan.org\/es\/wp-json\/wp\/v2\/posts\/17423"}],"collection":[{"href":"https:\/\/www.conselharan.org\/es\/wp-json\/wp\/v2\/posts"}],"about":[{"href":"https:\/\/www.conselharan.org\/es\/wp-json\/wp\/v2\/types\/post"}],"author":[{"embeddable":true,"href":"https:\/\/www.conselharan.org\/es\/wp-json\/wp\/v2\/users\/2"}],"replies":[{"embeddable":true,"href":"https:\/\/www.conselharan.org\/es\/wp-json\/wp\/v2\/comments?post=17423"}],"version-history":[{"count":1,"href":"https:\/\/www.conselharan.org\/es\/wp-json\/wp\/v2\/posts\/17423\/revisions"}],"predecessor-version":[{"id":17424,"href":"https:\/\/www.conselharan.org\/es\/wp-json\/wp\/v2\/posts\/17423\/revisions\/17424"}],"wp:featuredmedia":[{"embeddable":true,"href":"https:\/\/www.conselharan.org\/es\/wp-json\/wp\/v2\/media\/17417"}],"wp:attachment":[{"href":"https:\/\/www.conselharan.org\/es\/wp-json\/wp\/v2\/media?parent=17423"}],"wp:term":[{"taxonomy":"category","embeddable":true,"href":"https:\/\/www.conselharan.org\/es\/wp-json\/wp\/v2\/categories?post=17423"},{"taxonomy":"post_tag","embeddable":true,"href":"https:\/\/www.conselharan.org\/es\/wp-json\/wp\/v2\/tags?post=17423"}],"curies":[{"name":"wp","href":"https:\/\/api.w.org\/{rel}","templated":true}]}}