{"id":17550,"date":"2017-06-01T17:02:24","date_gmt":"2017-06-01T15:02:24","guid":{"rendered":"http:\/\/www.conselharan.org\/es\/?p=17550"},"modified":"2017-06-01T17:02:24","modified_gmt":"2017-06-01T15:02:24","slug":"visita-de-una-delegacion-de-la-region-chilena-de-aysen-patagonia-al-valle-de-aran","status":"publish","type":"post","link":"https:\/\/www.conselharan.org\/es\/visita-de-una-delegacion-de-la-region-chilena-de-aysen-patagonia-al-valle-de-aran\/","title":{"rendered":"Visita de una delegaci\u00f3n de la Regi\u00f3n chilena de Ays\u00e9n (Patagonia) al Valle de Aran"},"content":{"rendered":"<p>&nbsp;<\/p>\n<p>Vielha, 1 de junio de 2017.- Un grupo integrado por responsables pol\u00edticos del Gobierno de Chile, t\u00e9cnicos tur\u00edsticos, gu\u00edas y empresarios hoteleros y de turismo activo de la regi\u00f3n de Ays\u00e9n en la Patagonia, han visitado el Valle de Aran para conocer de cerca la experiencia y el trabajo del <strong>Conselh Generau d\u2019Aran<\/strong> y de Torisme Val d\u2019Aran en la gesti\u00f3n tur\u00edstica del Valle de Aran.<\/p>\n<p>La delegaci\u00f3n de la regi\u00f3n de la Patagonia chilena, encabezada por el director regional de Turismo, <strong>Cristian Alarc\u00f3n Mendoza<\/strong>, fue recibida por el sindic d\u2019Aran, <strong>Carlos Barrera<\/strong>, acompa\u00f1ado de la conselh\u00e8ra de Turismo, <strong>Anna D\u00edaz<\/strong>, que explicaron las caracter\u00edsticas del modelo de gesti\u00f3n tur\u00edstica del Valle de Aran.<\/p>\n<p>El motivo de la visita es la similitud entre el Valle de Aran y la regi\u00f3n de Ays\u00e9n en la Patagonia chilena que ofrece atractivos tur\u00edsticos de gran valor cultural y patrimonial, en un entorno natural \u00fanico y que tiene una extensi\u00f3n parecida a Portugal, en la costa del Oc\u00e9ano Pac\u00edfico.<\/p>\n<p><a href=\"http:\/\/www.conselharan.org\/wp-content\/uploads\/2017\/06\/WhatsApp-Image-2017-06-01-at-09.58.42.jpeg\"><img loading=\"lazy\" decoding=\"async\" class=\"aligncenter size-large wp-image-17545\" src=\"http:\/\/www.conselharan.org\/wp-content\/uploads\/2017\/06\/WhatsApp-Image-2017-06-01-at-09.58.42-1024x768.jpeg\" alt=\"WhatsApp Image 2017-06-01 at 09.58.42\" width=\"1024\" height=\"768\" srcset=\"https:\/\/www.conselharan.org\/wp-content\/uploads\/2017\/06\/WhatsApp-Image-2017-06-01-at-09.58.42-1024x768.jpeg 1024w, https:\/\/www.conselharan.org\/wp-content\/uploads\/2017\/06\/WhatsApp-Image-2017-06-01-at-09.58.42-300x225.jpeg 300w, https:\/\/www.conselharan.org\/wp-content\/uploads\/2017\/06\/WhatsApp-Image-2017-06-01-at-09.58.42-768x576.jpeg 768w, https:\/\/www.conselharan.org\/wp-content\/uploads\/2017\/06\/WhatsApp-Image-2017-06-01-at-09.58.42.jpeg 1600w\" sizes=\"(max-width: 1024px) 100vw, 1024px\" \/><\/a> <a href=\"http:\/\/www.conselharan.org\/wp-content\/uploads\/2017\/06\/WhatsApp-Image-2017-06-01-at-09.58.25.jpeg\"><img loading=\"lazy\" decoding=\"async\" class=\"aligncenter size-large wp-image-17547\" src=\"http:\/\/www.conselharan.org\/wp-content\/uploads\/2017\/06\/WhatsApp-Image-2017-06-01-at-09.58.25-1024x768.jpeg\" alt=\"WhatsApp Image 2017-06-01 at 09.58.25\" width=\"1024\" height=\"768\" srcset=\"https:\/\/www.conselharan.org\/wp-content\/uploads\/2017\/06\/WhatsApp-Image-2017-06-01-at-09.58.25-1024x768.jpeg 1024w, https:\/\/www.conselharan.org\/wp-content\/uploads\/2017\/06\/WhatsApp-Image-2017-06-01-at-09.58.25-300x225.jpeg 300w, https:\/\/www.conselharan.org\/wp-content\/uploads\/2017\/06\/WhatsApp-Image-2017-06-01-at-09.58.25-768x576.jpeg 768w, https:\/\/www.conselharan.org\/wp-content\/uploads\/2017\/06\/WhatsApp-Image-2017-06-01-at-09.58.25.jpeg 1600w\" sizes=\"(max-width: 1024px) 100vw, 1024px\" \/><\/a><\/p>\n<p>&nbsp;<\/p>\n<p>&nbsp;<\/p>\n ","protected":false},"excerpt":{"rendered":"<p>&nbsp; Vielha, 1 de junio de 2017.- Un grupo integrado por responsables pol\u00edticos del Gobierno de Chile, t\u00e9cnicos tur\u00edsticos, gu\u00edas y empresarios hoteleros y de turismo activo de la regi\u00f3n de Ays\u00e9n en la Patagonia, han visitado el Valle de Aran para conocer de cerca la experiencia y el trabajo del Conselh Generau d\u2019Aran y&#8230;<\/p>\n","protected":false},"author":2,"featured_media":17545,"comment_status":"closed","ping_status":"closed","sticky":false,"template":"","format":"standard","meta":{"footnotes":""},"categories":[34],"tags":[],"_links":{"self":[{"href":"https:\/\/www.conselharan.org\/es\/wp-json\/wp\/v2\/posts\/17550"}],"collection":[{"href":"https:\/\/www.conselharan.org\/es\/wp-json\/wp\/v2\/posts"}],"about":[{"href":"https:\/\/www.conselharan.org\/es\/wp-json\/wp\/v2\/types\/post"}],"author":[{"embeddable":true,"href":"https:\/\/www.conselharan.org\/es\/wp-json\/wp\/v2\/users\/2"}],"replies":[{"embeddable":true,"href":"https:\/\/www.conselharan.org\/es\/wp-json\/wp\/v2\/comments?post=17550"}],"version-history":[{"count":1,"href":"https:\/\/www.conselharan.org\/es\/wp-json\/wp\/v2\/posts\/17550\/revisions"}],"predecessor-version":[{"id":17551,"href":"https:\/\/www.conselharan.org\/es\/wp-json\/wp\/v2\/posts\/17550\/revisions\/17551"}],"wp:featuredmedia":[{"embeddable":true,"href":"https:\/\/www.conselharan.org\/es\/wp-json\/wp\/v2\/media\/17545"}],"wp:attachment":[{"href":"https:\/\/www.conselharan.org\/es\/wp-json\/wp\/v2\/media?parent=17550"}],"wp:term":[{"taxonomy":"category","embeddable":true,"href":"https:\/\/www.conselharan.org\/es\/wp-json\/wp\/v2\/categories?post=17550"},{"taxonomy":"post_tag","embeddable":true,"href":"https:\/\/www.conselharan.org\/es\/wp-json\/wp\/v2\/tags?post=17550"}],"curies":[{"name":"wp","href":"https:\/\/api.w.org\/{rel}","templated":true}]}}