{"id":17587,"date":"2017-06-02T22:07:12","date_gmt":"2017-06-02T20:07:12","guid":{"rendered":"http:\/\/www.conselharan.org\/?p=17587"},"modified":"2017-06-02T22:07:12","modified_gmt":"2017-06-02T20:07:12","slug":"inauguracion-oficiau-der-autobus-transfronterer-entre-era-val-daran-e-st-gaudens","status":"publish","type":"post","link":"https:\/\/www.conselharan.org\/es\/inauguracion-oficiau-der-autobus-transfronterer-entre-era-val-daran-e-st-gaudens\/","title":{"rendered":"Inauguracion oficiau der Autob\u00fas Transfronter\u00e8r entre era Val d\u2019Aran e St.Gaudens"},"content":{"rendered":"<p>Vielha, 2 de junh de 2017.- Au\u00e9 diuendres 2 de junh s&#8217;a inaugurat oficiauments era linha de servici de transp\u00f2rt collectiu transfronter\u00e8r que junh era Val de Aran damb Comminges, en un acte celebrat en Centre Administratiu departamentau de St. Gaudens.<\/p>\n<p>&nbsp;<\/p>\n<p><a href=\"http:\/\/www.conselharan.org\/wp-content\/uploads\/2017\/06\/Inauguraci\u00f3-Bus-1.jpg\"><img loading=\"lazy\" decoding=\"async\" class=\"aligncenter size-large wp-image-17585\" src=\"http:\/\/www.conselharan.org\/wp-content\/uploads\/2017\/06\/Inauguraci\u00f3-Bus-1-1024x768.jpg\" alt=\"Inauguraci\u00f3 Bus 1\" width=\"1024\" height=\"768\" srcset=\"https:\/\/www.conselharan.org\/wp-content\/uploads\/2017\/06\/Inauguraci\u00f3-Bus-1-1024x768.jpg 1024w, https:\/\/www.conselharan.org\/wp-content\/uploads\/2017\/06\/Inauguraci\u00f3-Bus-1-300x225.jpg 300w, https:\/\/www.conselharan.org\/wp-content\/uploads\/2017\/06\/Inauguraci\u00f3-Bus-1-768x576.jpg 768w\" sizes=\"(max-width: 1024px) 100vw, 1024px\" \/><\/a><\/p>\n<p>Er acte d&#8217;inauguracion a estat presidit per Mme. <strong>Carole Delga<\/strong>, presidenta dera Region Occit\u00e0nia \/ Pyr\u00e9n\u00e9es-Mediterran\u00e9e e peth vicesindic d\u2019Aran, <strong>Lu\u00eds Carlos Medina<\/strong>, acompanhadi de <strong>Georges M\u00e9ric<\/strong>, president deth Conseil d\u00e9partemental dera Haute Garonne, Anna D\u00edaz, conselh\u00e8ra de Torisme e Desvolopament Economic e <strong>Jos\u00e9 Antonio Boya<\/strong>, conselh\u00e8r de Territ\u00f2ri deth Conselh Generau d\u2019Aran.<\/p>\n<p>Eth vicesindic d\u2019Aran Lu\u00eds Carlos Medina, a destacat que \u201cer objectiu d&#8217;aguesta naua linha de connexion ei facilitar es despla\u00e7aments des usatg\u00e8rs deth transp\u00f2rt public transfronter\u00e8r e dar responsa ara demanda des ciutadans d&#8217;establir ua linha de transp\u00f2rt public collectiu que permete despla\u00e7ar-se des dera region de Comminges enquiara Val d\u2019Aran, coma auie ja existit a principis deth s\u00e8gle passat damb eth tramvia qu\u2019enla\u00e7aue aguesti dus territ\u00f2ris\u201d.<\/p>\n<p>Eth servici de transp\u00f2rt collectiu transfronter\u00e8r entre era Val d\u2019Aran e Comminges, entr\u00e8c en foncionament eth passat 18 d&#8217;abriu.<\/p>\n<p>&nbsp;<\/p>\n<p><a href=\"http:\/\/www.conselharan.org\/wp-content\/uploads\/2017\/06\/Inauguraci\u00f3-Bus-2.jpg\"><img loading=\"lazy\" decoding=\"async\" class=\"aligncenter size-large wp-image-17588\" src=\"http:\/\/www.conselharan.org\/wp-content\/uploads\/2017\/06\/Inauguraci\u00f3-Bus-2-1024x768.jpg\" alt=\"Inauguraci\u00f3 Bus 2\" width=\"1024\" height=\"768\" srcset=\"https:\/\/www.conselharan.org\/wp-content\/uploads\/2017\/06\/Inauguraci\u00f3-Bus-2-1024x768.jpg 1024w, https:\/\/www.conselharan.org\/wp-content\/uploads\/2017\/06\/Inauguraci\u00f3-Bus-2-300x225.jpg 300w, https:\/\/www.conselharan.org\/wp-content\/uploads\/2017\/06\/Inauguraci\u00f3-Bus-2-768x576.jpg 768w\" sizes=\"(max-width: 1024px) 100vw, 1024px\" \/><\/a><\/p>\n<p>Era naua linha d&#8217;autob\u00fas compde damb era participacion des dues enterpreses qu&#8217;aufrissen eth servici des linhes actuauments existentes a un e d&#8217;aute costat deth Piren\u00e8u. En cas dera Val d\u2019Aran era enterpresa ALSA e en cas franc\u00e9s era enterpresa EPTR.<\/p>\n<p>Es oraris de connexion transfronter\u00e8r son es abituaus des linhes actuaus en cas dera Val d\u2019Aran, des de Baqueira enquia Les, damb connexion enquia St. Gaudens per part dera companhia francesa. Eth pr\u00e8tz deth bilhet simple ei eth madeish laguens era Val d&#8217;Aran, qu&#8217;ei de 1,10 \u20ac peth traj\u00e8cte entre Baquiera e Les. Eth viatge des de Les enquia St. Gaudens c\u00f2ste 2,20 \u20ac.<\/p>\n<p>Es oraris deth servici de deluns a diuendres se p\u00f2den consultar ac\u00ed <a href=\"http:\/\/www.conselharan.org\/wp-content\/uploads\/2017\/06\/Folleto-BUS-FRAN\u00c7A-2017-estiu.pdf\">http:\/\/www.conselharan.org\/wp-content\/uploads\/2017\/06\/Folleto-BUS-FRAN\u00c7A-2017-estiu.pdf<\/a><\/p>\n<p>&nbsp;<\/p>\n<p><a href=\"http:\/\/www.conselharan.org\/wp-content\/uploads\/2017\/06\/inauguraci\u00f3-Bus-4.jpg\"><img loading=\"lazy\" decoding=\"async\" class=\"aligncenter size-large wp-image-17589\" src=\"http:\/\/www.conselharan.org\/wp-content\/uploads\/2017\/06\/inauguraci\u00f3-Bus-4-1024x768.jpg\" alt=\"inauguraci\u00f3 Bus 4\" width=\"1024\" height=\"768\" srcset=\"https:\/\/www.conselharan.org\/wp-content\/uploads\/2017\/06\/inauguraci\u00f3-Bus-4-1024x768.jpg 1024w, https:\/\/www.conselharan.org\/wp-content\/uploads\/2017\/06\/inauguraci\u00f3-Bus-4-300x225.jpg 300w, https:\/\/www.conselharan.org\/wp-content\/uploads\/2017\/06\/inauguraci\u00f3-Bus-4-768x576.jpg 768w\" sizes=\"(max-width: 1024px) 100vw, 1024px\" \/><\/a><\/p>\n<p>&nbsp;<\/p>\n<p><a href=\"http:\/\/www.conselharan.org\/wp-content\/uploads\/2017\/06\/inauguraci\u00f3-Bus-5.jpg\"><img loading=\"lazy\" decoding=\"async\" class=\"aligncenter size-large wp-image-17590\" src=\"http:\/\/www.conselharan.org\/wp-content\/uploads\/2017\/06\/inauguraci\u00f3-Bus-5-1024x768.jpg\" alt=\"inauguraci\u00f3 Bus 5\" width=\"1024\" height=\"768\" srcset=\"https:\/\/www.conselharan.org\/wp-content\/uploads\/2017\/06\/inauguraci\u00f3-Bus-5-1024x768.jpg 1024w, https:\/\/www.conselharan.org\/wp-content\/uploads\/2017\/06\/inauguraci\u00f3-Bus-5-300x225.jpg 300w, https:\/\/www.conselharan.org\/wp-content\/uploads\/2017\/06\/inauguraci\u00f3-Bus-5-768x576.jpg 768w\" sizes=\"(max-width: 1024px) 100vw, 1024px\" \/><\/a><\/p>\n ","protected":false},"excerpt":{"rendered":"<p>Vielha, 2 de junh de 2017.- Au\u00e9 diuendres 2 de junh s&#8217;a inaugurat oficiauments era linha de servici de transp\u00f2rt collectiu transfronter\u00e8r que junh era Val de Aran damb Comminges, en un acte celebrat en Centre Administratiu departamentau de St. Gaudens. &nbsp; Er acte d&#8217;inauguracion a estat presidit per Mme. Carole Delga, presidenta dera Region&#8230;<\/p>\n","protected":false},"author":2,"featured_media":17584,"comment_status":"closed","ping_status":"closed","sticky":false,"template":"","format":"standard","meta":{"footnotes":""},"categories":[35],"tags":[],"_links":{"self":[{"href":"https:\/\/www.conselharan.org\/es\/wp-json\/wp\/v2\/posts\/17587"}],"collection":[{"href":"https:\/\/www.conselharan.org\/es\/wp-json\/wp\/v2\/posts"}],"about":[{"href":"https:\/\/www.conselharan.org\/es\/wp-json\/wp\/v2\/types\/post"}],"author":[{"embeddable":true,"href":"https:\/\/www.conselharan.org\/es\/wp-json\/wp\/v2\/users\/2"}],"replies":[{"embeddable":true,"href":"https:\/\/www.conselharan.org\/es\/wp-json\/wp\/v2\/comments?post=17587"}],"version-history":[{"count":1,"href":"https:\/\/www.conselharan.org\/es\/wp-json\/wp\/v2\/posts\/17587\/revisions"}],"predecessor-version":[{"id":17591,"href":"https:\/\/www.conselharan.org\/es\/wp-json\/wp\/v2\/posts\/17587\/revisions\/17591"}],"wp:featuredmedia":[{"embeddable":true,"href":"https:\/\/www.conselharan.org\/es\/wp-json\/wp\/v2\/media\/17584"}],"wp:attachment":[{"href":"https:\/\/www.conselharan.org\/es\/wp-json\/wp\/v2\/media?parent=17587"}],"wp:term":[{"taxonomy":"category","embeddable":true,"href":"https:\/\/www.conselharan.org\/es\/wp-json\/wp\/v2\/categories?post=17587"},{"taxonomy":"post_tag","embeddable":true,"href":"https:\/\/www.conselharan.org\/es\/wp-json\/wp\/v2\/tags?post=17587"}],"curies":[{"name":"wp","href":"https:\/\/api.w.org\/{rel}","templated":true}]}}