{"id":17606,"date":"2017-06-06T13:49:31","date_gmt":"2017-06-06T11:49:31","guid":{"rendered":"http:\/\/www.conselharan.org\/es\/?p=17606"},"modified":"2017-06-06T13:49:31","modified_gmt":"2017-06-06T11:49:31","slug":"nueva-capsula-formativa-del-cei-val-daran","status":"publish","type":"post","link":"https:\/\/www.conselharan.org\/es\/nueva-capsula-formativa-del-cei-val-daran\/","title":{"rendered":"Nueva c\u00e1psula formativa del CEI Val d\u2019Aran"},"content":{"rendered":"<p>Vielha, 6 de junio de 2017.- El pr\u00f3ximo jueves, el CEI Val d\u2019Aran propone una nueva c\u00e1psula formativa bajo el t\u00edtulo de: <strong>\u201cLos 10 factores clave en el inicio de un proyecto de auto ocupaci\u00f3n\u201d,<\/strong> que impartir\u00e1 <strong>Ana Campos Tom\u00e1s<\/strong>, organizada junto con GlobaLleida y con el patrocinio de la Diputaci\u00f3n de Lleida.<\/p>\n<p>La capsula tendr\u00e1 lugar el pr\u00f3ximo jueves <strong>8 de junio<\/strong>, en el CEI Val d\u2019Aran, Pla\u00e7a Naua 1 de Casau, de <strong>10:00 a 14: 00h<\/strong>. Las inscripciones para todo aquel que est\u00e9 interesado se pueden formalizar a www.ceivaldaran.org o al telf. 973 64 18 01.<\/p>\n<p>Las c\u00e1psulas del CEI Val d\u2019Aran son gratuitas y se dirigen a todas las personas o empresas interesadas en ampliar su formaci\u00f3n.<\/p>\n<p><a href=\"http:\/\/www.conselharan.org\/wp-content\/uploads\/2017\/06\/office-620822_640.jpg\"><img loading=\"lazy\" decoding=\"async\" class=\"aligncenter size-full wp-image-17604\" src=\"http:\/\/www.conselharan.org\/wp-content\/uploads\/2017\/06\/office-620822_640.jpg\" alt=\"office-620822_640\" width=\"640\" height=\"425\" srcset=\"https:\/\/www.conselharan.org\/wp-content\/uploads\/2017\/06\/office-620822_640.jpg 640w, https:\/\/www.conselharan.org\/wp-content\/uploads\/2017\/06\/office-620822_640-300x199.jpg 300w\" sizes=\"(max-width: 640px) 100vw, 640px\" \/><\/a><\/p>\n<p>&nbsp;<\/p>\n ","protected":false},"excerpt":{"rendered":"<p>Vielha, 6 de junio de 2017.- El pr\u00f3ximo jueves, el CEI Val d\u2019Aran propone una nueva c\u00e1psula formativa bajo el t\u00edtulo de: \u201cLos 10 factores clave en el inicio de un proyecto de auto ocupaci\u00f3n\u201d, que impartir\u00e1 Ana Campos Tom\u00e1s, organizada junto con GlobaLleida y con el patrocinio de la Diputaci\u00f3n de Lleida. La capsula&#8230;<\/p>\n","protected":false},"author":2,"featured_media":17604,"comment_status":"closed","ping_status":"closed","sticky":false,"template":"","format":"standard","meta":{"footnotes":""},"categories":[34],"tags":[],"_links":{"self":[{"href":"https:\/\/www.conselharan.org\/es\/wp-json\/wp\/v2\/posts\/17606"}],"collection":[{"href":"https:\/\/www.conselharan.org\/es\/wp-json\/wp\/v2\/posts"}],"about":[{"href":"https:\/\/www.conselharan.org\/es\/wp-json\/wp\/v2\/types\/post"}],"author":[{"embeddable":true,"href":"https:\/\/www.conselharan.org\/es\/wp-json\/wp\/v2\/users\/2"}],"replies":[{"embeddable":true,"href":"https:\/\/www.conselharan.org\/es\/wp-json\/wp\/v2\/comments?post=17606"}],"version-history":[{"count":1,"href":"https:\/\/www.conselharan.org\/es\/wp-json\/wp\/v2\/posts\/17606\/revisions"}],"predecessor-version":[{"id":17607,"href":"https:\/\/www.conselharan.org\/es\/wp-json\/wp\/v2\/posts\/17606\/revisions\/17607"}],"wp:featuredmedia":[{"embeddable":true,"href":"https:\/\/www.conselharan.org\/es\/wp-json\/wp\/v2\/media\/17604"}],"wp:attachment":[{"href":"https:\/\/www.conselharan.org\/es\/wp-json\/wp\/v2\/media?parent=17606"}],"wp:term":[{"taxonomy":"category","embeddable":true,"href":"https:\/\/www.conselharan.org\/es\/wp-json\/wp\/v2\/categories?post=17606"},{"taxonomy":"post_tag","embeddable":true,"href":"https:\/\/www.conselharan.org\/es\/wp-json\/wp\/v2\/tags?post=17606"}],"curies":[{"name":"wp","href":"https:\/\/api.w.org\/{rel}","templated":true}]}}