{"id":17615,"date":"2017-06-06T17:37:12","date_gmt":"2017-06-06T15:37:12","guid":{"rendered":"http:\/\/www.conselharan.org\/es\/?p=17615"},"modified":"2017-06-08T10:22:25","modified_gmt":"2017-06-08T08:22:25","slug":"los-equipos-u21-y-u18-del-cetei-concluyen-las-concentraciones-de-preparacion-fisica","status":"publish","type":"post","link":"https:\/\/www.conselharan.org\/es\/los-equipos-u21-y-u18-del-cetei-concluyen-las-concentraciones-de-preparacion-fisica\/","title":{"rendered":"Los equipos U21 y U18 del CETEI concluyen las concentraciones de preparaci\u00f3n f\u00edsica"},"content":{"rendered":"<p>Vielha, 6 de junio de 2017.- El pasado fin de semana concluyeron las tres concentraciones de preparaci\u00f3n f\u00edsica de los equipos U21 y U18 del <strong>Centro de Tecnificaci\u00f3n de Deportes de Invierno de la Val d\u2019 Aran <\/strong>que se han llevado a cabo entre los meses de mayo y junio.<\/p>\n<p><a href=\"http:\/\/www.conselharan.org\/wp-content\/uploads\/2017\/06\/1.jpg\"><img loading=\"lazy\" decoding=\"async\" class=\"aligncenter size-full wp-image-17612\" src=\"http:\/\/www.conselharan.org\/wp-content\/uploads\/2017\/06\/1.jpg\" alt=\"1\" width=\"977\" height=\"733\" srcset=\"https:\/\/www.conselharan.org\/wp-content\/uploads\/2017\/06\/1.jpg 977w, https:\/\/www.conselharan.org\/wp-content\/uploads\/2017\/06\/1-300x225.jpg 300w, https:\/\/www.conselharan.org\/wp-content\/uploads\/2017\/06\/1-768x576.jpg 768w\" sizes=\"(max-width: 977px) 100vw, 977px\" \/><\/a><\/p>\n<p>Los deportistas del CETEI, realizaron los Test iniciales, adem\u00e1s de sesiones de acondicionamiento f\u00edsico general y trabajo sobre las bases de los movimientos de Halterofilia con sus entrenadores.<\/p>\n<p>Las sesiones de preparaci\u00f3n se han realizado en las instalaciones del Palai de Geu y CrossFit Val d\u2019 Aran. La pr\u00f3xima concentraci\u00f3n ser\u00e1 en el CAR de Sierra Nevada para poder aprovechar las condiciones de entrenamiento en altura.<\/p>\n<p><a href=\"http:\/\/www.conselharan.org\/wp-content\/uploads\/2017\/06\/2.jpg\"><img loading=\"lazy\" decoding=\"async\" class=\"aligncenter size-full wp-image-17613\" src=\"http:\/\/www.conselharan.org\/wp-content\/uploads\/2017\/06\/2.jpg\" alt=\"2\" width=\"956\" height=\"717\" srcset=\"https:\/\/www.conselharan.org\/wp-content\/uploads\/2017\/06\/2.jpg 956w, https:\/\/www.conselharan.org\/wp-content\/uploads\/2017\/06\/2-300x225.jpg 300w, https:\/\/www.conselharan.org\/wp-content\/uploads\/2017\/06\/2-768x576.jpg 768w\" sizes=\"(max-width: 956px) 100vw, 956px\" \/><\/a><\/p>\n<p>&nbsp;<\/p>\n ","protected":false},"excerpt":{"rendered":"<p>Vielha, 6 de junio de 2017.- El pasado fin de semana concluyeron las tres concentraciones de preparaci\u00f3n f\u00edsica de los equipos U21 y U18 del Centro de Tecnificaci\u00f3n de Deportes de Invierno de la Val d\u2019 Aran que se han llevado a cabo entre los meses de mayo y junio. Los deportistas del CETEI, realizaron&#8230;<\/p>\n","protected":false},"author":2,"featured_media":17612,"comment_status":"closed","ping_status":"closed","sticky":false,"template":"","format":"standard","meta":{"footnotes":""},"categories":[135],"tags":[],"_links":{"self":[{"href":"https:\/\/www.conselharan.org\/es\/wp-json\/wp\/v2\/posts\/17615"}],"collection":[{"href":"https:\/\/www.conselharan.org\/es\/wp-json\/wp\/v2\/posts"}],"about":[{"href":"https:\/\/www.conselharan.org\/es\/wp-json\/wp\/v2\/types\/post"}],"author":[{"embeddable":true,"href":"https:\/\/www.conselharan.org\/es\/wp-json\/wp\/v2\/users\/2"}],"replies":[{"embeddable":true,"href":"https:\/\/www.conselharan.org\/es\/wp-json\/wp\/v2\/comments?post=17615"}],"version-history":[{"count":1,"href":"https:\/\/www.conselharan.org\/es\/wp-json\/wp\/v2\/posts\/17615\/revisions"}],"predecessor-version":[{"id":17616,"href":"https:\/\/www.conselharan.org\/es\/wp-json\/wp\/v2\/posts\/17615\/revisions\/17616"}],"wp:featuredmedia":[{"embeddable":true,"href":"https:\/\/www.conselharan.org\/es\/wp-json\/wp\/v2\/media\/17612"}],"wp:attachment":[{"href":"https:\/\/www.conselharan.org\/es\/wp-json\/wp\/v2\/media?parent=17615"}],"wp:term":[{"taxonomy":"category","embeddable":true,"href":"https:\/\/www.conselharan.org\/es\/wp-json\/wp\/v2\/categories?post=17615"},{"taxonomy":"post_tag","embeddable":true,"href":"https:\/\/www.conselharan.org\/es\/wp-json\/wp\/v2\/tags?post=17615"}],"curies":[{"name":"wp","href":"https:\/\/api.w.org\/{rel}","templated":true}]}}