{"id":17645,"date":"2017-06-07T17:53:38","date_gmt":"2017-06-07T15:53:38","guid":{"rendered":"http:\/\/www.conselharan.org\/es\/?p=17645"},"modified":"2017-06-07T17:53:49","modified_gmt":"2017-06-07T15:53:49","slug":"9-de-junio-jornada-de-puertas-abiertas-en-el-archivo-generau-daran","status":"publish","type":"post","link":"https:\/\/www.conselharan.org\/es\/9-de-junio-jornada-de-puertas-abiertas-en-el-archivo-generau-daran\/","title":{"rendered":"9 de junio Jornada de puertas abiertas en el Archivo Generau d\u2019Aran"},"content":{"rendered":"<p>Vielha, 7 de junio de 2017.- Con motivo de la celebraci\u00f3n del <strong>D\u00eda Internacional de los Archivos<\/strong>, el Archivo Generau d\u2019Aran, har\u00e1 una jornada de puertas abiertas el pr\u00f3ximo viernes 9 de junio.<\/p>\n<p><a href=\"http:\/\/www.conselharan.org\/wp-content\/uploads\/2017\/06\/w-jornades-de-p\u00f2rtes-dub\u00e8rtes-9-de-junh.jpg\"><img loading=\"lazy\" decoding=\"async\" class=\"aligncenter size-large wp-image-17643\" src=\"http:\/\/www.conselharan.org\/wp-content\/uploads\/2017\/06\/w-jornades-de-p\u00f2rtes-dub\u00e8rtes-9-de-junh-768x1024.jpg\" alt=\"w-jornades de p\u00f2rtes dub\u00e8rtes 9 de junh\" width=\"768\" height=\"1024\" srcset=\"https:\/\/www.conselharan.org\/wp-content\/uploads\/2017\/06\/w-jornades-de-p\u00f2rtes-dub\u00e8rtes-9-de-junh-768x1024.jpg 768w, https:\/\/www.conselharan.org\/wp-content\/uploads\/2017\/06\/w-jornades-de-p\u00f2rtes-dub\u00e8rtes-9-de-junh-225x300.jpg 225w, https:\/\/www.conselharan.org\/wp-content\/uploads\/2017\/06\/w-jornades-de-p\u00f2rtes-dub\u00e8rtes-9-de-junh.jpg 1181w\" sizes=\"(max-width: 768px) 100vw, 768px\" \/><\/a><\/p>\n<p>Durante la jornada se expondr\u00e1 una muestra de documentos restaurados compuesta por 245 pergaminos, 18 libros, 1 grabado y 6 manuscritos procedentes de los fondos documentales depositados en el Archivo.<\/p>\n<p>La celebraci\u00f3n del D\u00eda Internacional de los Archivos en el Valle de Aran, contar\u00e1 tambi\u00e9n con la proyecci\u00f3n del v\u00eddeo documental sobre la restauraci\u00f3n de <strong>\u00abEra<\/strong> <strong>Querim\u00f2nia\u00bb<\/strong>, el conjunto de privilegios concedidos al Valle de Aran el a\u00f1o 1313 por el rey Jaime II de Arag\u00f3n desde el Castillo de la Suda de Lleida, que confirm\u00f3 los Usos y Constituciones de los habitantes del Aran.<\/p>\n<p>Las proyecciones se realizar\u00e1n a las 12.00 y las 18.00 h.<\/p>\n<p>&nbsp;<\/p>\n ","protected":false},"excerpt":{"rendered":"<p>Vielha, 7 de junio de 2017.- Con motivo de la celebraci\u00f3n del D\u00eda Internacional de los Archivos, el Archivo Generau d\u2019Aran, har\u00e1 una jornada de puertas abiertas el pr\u00f3ximo viernes 9 de junio. Durante la jornada se expondr\u00e1 una muestra de documentos restaurados compuesta por 245 pergaminos, 18 libros, 1 grabado y 6 manuscritos procedentes&#8230;<\/p>\n","protected":false},"author":2,"featured_media":17643,"comment_status":"closed","ping_status":"closed","sticky":false,"template":"","format":"standard","meta":{"footnotes":""},"categories":[34],"tags":[],"_links":{"self":[{"href":"https:\/\/www.conselharan.org\/es\/wp-json\/wp\/v2\/posts\/17645"}],"collection":[{"href":"https:\/\/www.conselharan.org\/es\/wp-json\/wp\/v2\/posts"}],"about":[{"href":"https:\/\/www.conselharan.org\/es\/wp-json\/wp\/v2\/types\/post"}],"author":[{"embeddable":true,"href":"https:\/\/www.conselharan.org\/es\/wp-json\/wp\/v2\/users\/2"}],"replies":[{"embeddable":true,"href":"https:\/\/www.conselharan.org\/es\/wp-json\/wp\/v2\/comments?post=17645"}],"version-history":[{"count":3,"href":"https:\/\/www.conselharan.org\/es\/wp-json\/wp\/v2\/posts\/17645\/revisions"}],"predecessor-version":[{"id":17648,"href":"https:\/\/www.conselharan.org\/es\/wp-json\/wp\/v2\/posts\/17645\/revisions\/17648"}],"wp:featuredmedia":[{"embeddable":true,"href":"https:\/\/www.conselharan.org\/es\/wp-json\/wp\/v2\/media\/17643"}],"wp:attachment":[{"href":"https:\/\/www.conselharan.org\/es\/wp-json\/wp\/v2\/media?parent=17645"}],"wp:term":[{"taxonomy":"category","embeddable":true,"href":"https:\/\/www.conselharan.org\/es\/wp-json\/wp\/v2\/categories?post=17645"},{"taxonomy":"post_tag","embeddable":true,"href":"https:\/\/www.conselharan.org\/es\/wp-json\/wp\/v2\/tags?post=17645"}],"curies":[{"name":"wp","href":"https:\/\/api.w.org\/{rel}","templated":true}]}}