{"id":17660,"date":"2017-06-08T13:13:01","date_gmt":"2017-06-08T11:13:01","guid":{"rendered":"http:\/\/www.conselharan.org\/es\/?p=17660"},"modified":"2017-06-08T13:13:01","modified_gmt":"2017-06-08T11:13:01","slug":"feria-de-la-oveja-aranesa-mercado-de-artesanos-de-la-val-daran-y-xi-concurso-morfologico-de-la-oveja-aranesa","status":"publish","type":"post","link":"https:\/\/www.conselharan.org\/es\/feria-de-la-oveja-aranesa-mercado-de-artesanos-de-la-val-daran-y-xi-concurso-morfologico-de-la-oveja-aranesa\/","title":{"rendered":"Feria de la Oveja Aranesa, Mercado de Artesanos de la Val d\u2019Aran y XI Concurso Morfol\u00f3gico de la Oveja Aranesa"},"content":{"rendered":"<p>Vielha, 7 de junio de 2017.- El pr\u00f3ximo domingo d\u00eda 11 de junio se celebra en Vielha la Feria de la Oveja Aranesa, Mercado de Artesanos de la Val d\u2019Aran y el XI Concurso Morfol\u00f3gico de la Oveja Aranesa.<\/p>\n<p>La oveja del Valle de Aran, considerada de protecci\u00f3n especial por encontrarse en peligro de extinci\u00f3n, destaca por su gran potencial c\u00e1rnico, su potente cornamenta y por la calidad de su lana, muy cotizada entre los artesanos. Actualmente, unas 30 ganader\u00edas, se dedican a su cr\u00eda, y re\u00fanen un censo de unos 1.900 efectivos.<\/p>\n<p>Programa:<\/p>\n<p>9.00h: Entrada de animales.<\/p>\n<p>10.00h: Inauguraci\u00f3n Feria.<\/p>\n<p>10.15h: Exposici\u00f3n de Ovejas y XI Concurso Morfol\u00f3gico.<\/p>\n<p>10.15h: Mercado de Artesanos de la Val d\u2019Aran.<\/p>\n<p>10.30h: Almuerzo popular y Juegos Infantiles.<\/p>\n<p>11.00h: II Concurso de esquilado de ovejas a mano y a m\u00e1quina.<\/p>\n<p>12.30h: Demostraci\u00f3n de corte de troncos.<\/p>\n<p>14.00h: Presentaci\u00f3n del libro \u201cBorregueros\u201d.<\/p>\n<p>14.15h: Entrega de premios de los concursos.<\/p>\n<p>14.30h: Sorteo de regalos.<\/p>\n<p>14.45h: Clausura de la feria.<\/p>\n<p>&nbsp;<\/p>\n<p><a href=\"http:\/\/www.conselharan.org\/wp-content\/uploads\/2017\/06\/IMG_2753.jpg\"><img loading=\"lazy\" decoding=\"async\" class=\"aligncenter size-large wp-image-17656\" src=\"http:\/\/www.conselharan.org\/wp-content\/uploads\/2017\/06\/IMG_2753-1024x750.jpg\" alt=\"IMG_2753\" width=\"1024\" height=\"750\" srcset=\"https:\/\/www.conselharan.org\/wp-content\/uploads\/2017\/06\/IMG_2753-1024x750.jpg 1024w, https:\/\/www.conselharan.org\/wp-content\/uploads\/2017\/06\/IMG_2753-300x220.jpg 300w, https:\/\/www.conselharan.org\/wp-content\/uploads\/2017\/06\/IMG_2753-768x562.jpg 768w\" sizes=\"(max-width: 1024px) 100vw, 1024px\" \/><\/a> <a href=\"http:\/\/www.conselharan.org\/wp-content\/uploads\/2017\/06\/IMG_2771.jpg\"><img loading=\"lazy\" decoding=\"async\" class=\"aligncenter size-large wp-image-17657\" src=\"http:\/\/www.conselharan.org\/wp-content\/uploads\/2017\/06\/IMG_2771-1024x707.jpg\" alt=\"IMG_2771\" width=\"1024\" height=\"707\" srcset=\"https:\/\/www.conselharan.org\/wp-content\/uploads\/2017\/06\/IMG_2771-1024x707.jpg 1024w, https:\/\/www.conselharan.org\/wp-content\/uploads\/2017\/06\/IMG_2771-300x207.jpg 300w, https:\/\/www.conselharan.org\/wp-content\/uploads\/2017\/06\/IMG_2771-768x530.jpg 768w\" sizes=\"(max-width: 1024px) 100vw, 1024px\" \/><\/a><\/p>\n ","protected":false},"excerpt":{"rendered":"<p>Vielha, 7 de junio de 2017.- El pr\u00f3ximo domingo d\u00eda 11 de junio se celebra en Vielha la Feria de la Oveja Aranesa, Mercado de Artesanos de la Val d\u2019Aran y el XI Concurso Morfol\u00f3gico de la Oveja Aranesa. La oveja del Valle de Aran, considerada de protecci\u00f3n especial por encontrarse en peligro de extinci\u00f3n,&#8230;<\/p>\n","protected":false},"author":2,"featured_media":17656,"comment_status":"closed","ping_status":"closed","sticky":false,"template":"","format":"standard","meta":{"footnotes":""},"categories":[34],"tags":[],"_links":{"self":[{"href":"https:\/\/www.conselharan.org\/es\/wp-json\/wp\/v2\/posts\/17660"}],"collection":[{"href":"https:\/\/www.conselharan.org\/es\/wp-json\/wp\/v2\/posts"}],"about":[{"href":"https:\/\/www.conselharan.org\/es\/wp-json\/wp\/v2\/types\/post"}],"author":[{"embeddable":true,"href":"https:\/\/www.conselharan.org\/es\/wp-json\/wp\/v2\/users\/2"}],"replies":[{"embeddable":true,"href":"https:\/\/www.conselharan.org\/es\/wp-json\/wp\/v2\/comments?post=17660"}],"version-history":[{"count":1,"href":"https:\/\/www.conselharan.org\/es\/wp-json\/wp\/v2\/posts\/17660\/revisions"}],"predecessor-version":[{"id":17661,"href":"https:\/\/www.conselharan.org\/es\/wp-json\/wp\/v2\/posts\/17660\/revisions\/17661"}],"wp:featuredmedia":[{"embeddable":true,"href":"https:\/\/www.conselharan.org\/es\/wp-json\/wp\/v2\/media\/17656"}],"wp:attachment":[{"href":"https:\/\/www.conselharan.org\/es\/wp-json\/wp\/v2\/media?parent=17660"}],"wp:term":[{"taxonomy":"category","embeddable":true,"href":"https:\/\/www.conselharan.org\/es\/wp-json\/wp\/v2\/categories?post=17660"},{"taxonomy":"post_tag","embeddable":true,"href":"https:\/\/www.conselharan.org\/es\/wp-json\/wp\/v2\/tags?post=17660"}],"curies":[{"name":"wp","href":"https:\/\/api.w.org\/{rel}","templated":true}]}}