{"id":17712,"date":"2017-06-09T14:30:15","date_gmt":"2017-06-09T12:30:15","guid":{"rendered":"http:\/\/www.conselharan.org\/es\/?p=17712"},"modified":"2017-06-09T14:31:46","modified_gmt":"2017-06-09T12:31:46","slug":"campana-de-concienciacion-del-conselh-generau-daran-entre-los-grandes-productores-de-fraccion-organica-del-bajo-aran","status":"publish","type":"post","link":"https:\/\/www.conselharan.org\/es\/campana-de-concienciacion-del-conselh-generau-daran-entre-los-grandes-productores-de-fraccion-organica-del-bajo-aran\/","title":{"rendered":"Campa\u00f1a de concienciaci\u00f3n del Conselh Generau d\u2019Aran entre los grandes productores de fracci\u00f3n org\u00e1nica del Bajo Aran"},"content":{"rendered":"<p>Vielha, 9 de junio de 2017.- El Conselh Generau d\u2019Aran llevar\u00e1 a cabo durante este mes de junio una campa\u00f1a de concienciaci\u00f3n intensiva entre los grandes productores de fracci\u00f3n org\u00e1nica de residuos en los municipios del Bajo Aran.<\/p>\n<p><a href=\"http:\/\/www.conselharan.org\/wp-content\/uploads\/2017\/06\/file-1.jpg\"><img loading=\"lazy\" decoding=\"async\" class=\"aligncenter size-large wp-image-17706\" src=\"http:\/\/www.conselharan.org\/wp-content\/uploads\/2017\/06\/file-1-1024x713.jpg\" alt=\"file-1\" width=\"1024\" height=\"713\" srcset=\"https:\/\/www.conselharan.org\/wp-content\/uploads\/2017\/06\/file-1-1024x713.jpg 1024w, https:\/\/www.conselharan.org\/wp-content\/uploads\/2017\/06\/file-1-300x209.jpg 300w, https:\/\/www.conselharan.org\/wp-content\/uploads\/2017\/06\/file-1-768x535.jpg 768w\" sizes=\"(max-width: 1024px) 100vw, 1024px\" \/><\/a><\/p>\n<p>La campa\u00f1a consistir\u00e1 en unas visitas personalizadas a los establecimientos de los sectores hotelero y restaurador, potenciales productores de fracci\u00f3n org\u00e1nica, a fin de detectar carencias y necesidades para facilitar la incorporaci\u00f3n y participaci\u00f3n de los establecimientos en el servicio que el Conselh Generau d\u2019Aran ya tiene establecido con cinco d\u00edas de recogida diaria de la fracci\u00f3n org\u00e1nica separada en origen a trav\u00e9s de la concesionaria del servicio Romero Polo, SA.<\/p>\n<p>Despu\u00e9s de los positivos resultados de la campa\u00f1a del pasado invierno en Naut Aran, el Conselh ha considerado muy interesante promover una acci\u00f3n similar en el resto del territorio durante el verano.<\/p>\n<p>En el marco del a\u00f1o Internacional del Turismo Sostenible para el Desarrollo, el Conselh Generau d\u2019Aran sigue apostando por este tipo de acciones que consoliden el territorio como un destino tur\u00edstico respetuoso con el medio ambiente. El Valle de Aran fue el primer territorio de monta\u00f1a en conseguir la certificaci\u00f3n Biosphere que lo acredita como destino tur\u00edstico con gesti\u00f3n responsable y desarrollo sostenible.<\/p>\n ","protected":false},"excerpt":{"rendered":"<p>Vielha, 9 de junio de 2017.- El Conselh Generau d\u2019Aran llevar\u00e1 a cabo durante este mes de junio una campa\u00f1a de concienciaci\u00f3n intensiva entre los grandes productores de fracci\u00f3n org\u00e1nica de residuos en los municipios del Bajo Aran. La campa\u00f1a consistir\u00e1 en unas visitas personalizadas a los establecimientos de los sectores hotelero y restaurador, potenciales&#8230;<\/p>\n","protected":false},"author":2,"featured_media":17706,"comment_status":"closed","ping_status":"closed","sticky":false,"template":"","format":"standard","meta":{"footnotes":""},"categories":[34],"tags":[],"_links":{"self":[{"href":"https:\/\/www.conselharan.org\/es\/wp-json\/wp\/v2\/posts\/17712"}],"collection":[{"href":"https:\/\/www.conselharan.org\/es\/wp-json\/wp\/v2\/posts"}],"about":[{"href":"https:\/\/www.conselharan.org\/es\/wp-json\/wp\/v2\/types\/post"}],"author":[{"embeddable":true,"href":"https:\/\/www.conselharan.org\/es\/wp-json\/wp\/v2\/users\/2"}],"replies":[{"embeddable":true,"href":"https:\/\/www.conselharan.org\/es\/wp-json\/wp\/v2\/comments?post=17712"}],"version-history":[{"count":2,"href":"https:\/\/www.conselharan.org\/es\/wp-json\/wp\/v2\/posts\/17712\/revisions"}],"predecessor-version":[{"id":17714,"href":"https:\/\/www.conselharan.org\/es\/wp-json\/wp\/v2\/posts\/17712\/revisions\/17714"}],"wp:featuredmedia":[{"embeddable":true,"href":"https:\/\/www.conselharan.org\/es\/wp-json\/wp\/v2\/media\/17706"}],"wp:attachment":[{"href":"https:\/\/www.conselharan.org\/es\/wp-json\/wp\/v2\/media?parent=17712"}],"wp:term":[{"taxonomy":"category","embeddable":true,"href":"https:\/\/www.conselharan.org\/es\/wp-json\/wp\/v2\/categories?post=17712"},{"taxonomy":"post_tag","embeddable":true,"href":"https:\/\/www.conselharan.org\/es\/wp-json\/wp\/v2\/tags?post=17712"}],"curies":[{"name":"wp","href":"https:\/\/api.w.org\/{rel}","templated":true}]}}