{"id":17766,"date":"2017-06-14T17:52:21","date_gmt":"2017-06-14T15:52:21","guid":{"rendered":"http:\/\/www.conselharan.org\/es\/?p=17766"},"modified":"2017-06-14T17:52:21","modified_gmt":"2017-06-14T15:52:21","slug":"reunion-de-la-comision-bilateral-gobierno-de-la-generalitat-conselh-generau-daran","status":"publish","type":"post","link":"https:\/\/www.conselharan.org\/es\/reunion-de-la-comision-bilateral-gobierno-de-la-generalitat-conselh-generau-daran\/","title":{"rendered":"Reuni\u00f3n de la Comisi\u00f3n Bilateral Gobierno de la Generalitat &#8211; Conselh Generau d\u2019Aran"},"content":{"rendered":"<p>Vielha, 14 de junio de 2017.- Ayer martes se convoc\u00f3 en la sede del departamento de Gobernaci\u00f3n, Administraciones P\u00fablicas y Vivienda, la Comisi\u00f3n Bilateral Gobierno de la Generalitat- Conselh Generau d\u2019Aran.<\/p>\n<p>La reuni\u00f3n fue presidida por la consejera de Gobernaci\u00f3n, <strong>Meritxell Borr\u00e0s<\/strong>, y por el sindic d\u2019Aran, <strong>Carlos Barrera<\/strong>. Tambi\u00e9n asistieron el vicesindic d\u2019Aran, Lu\u00eds Carlos Medina, y los consejeros Cesar Ru\u00edz Canela, Jos\u00e9 Antonio Boya y Anna D\u00edaz, en representaci\u00f3n del Gobierno de Aran, y Frances Boya, consejero de UA.<\/p>\n<p><a href=\"http:\/\/www.conselharan.org\/wp-content\/uploads\/2017\/06\/Comision-Bilaterau.jpeg\"><img loading=\"lazy\" decoding=\"async\" class=\"aligncenter size-large wp-image-17764\" src=\"http:\/\/www.conselharan.org\/wp-content\/uploads\/2017\/06\/Comision-Bilaterau-1024x682.jpeg\" alt=\"Comision Bilaterau\" width=\"1024\" height=\"682\" srcset=\"https:\/\/www.conselharan.org\/wp-content\/uploads\/2017\/06\/Comision-Bilaterau-1024x682.jpeg 1024w, https:\/\/www.conselharan.org\/wp-content\/uploads\/2017\/06\/Comision-Bilaterau-300x200.jpeg 300w, https:\/\/www.conselharan.org\/wp-content\/uploads\/2017\/06\/Comision-Bilaterau-768x512.jpeg 768w, https:\/\/www.conselharan.org\/wp-content\/uploads\/2017\/06\/Comision-Bilaterau.jpeg 1600w\" sizes=\"(max-width: 1024px) 100vw, 1024px\" \/><\/a><\/p>\n<p>La Comisi\u00f3n acord\u00f3 la transferencia al Conselh Generau d\u2019Aran de 163.000 \u20ac para la mejora de caminos, y la transferencia de la gesti\u00f3n del helipuerto situado en la boca sur del t\u00fanel de Vielha.<\/p>\n<p>En la reuni\u00f3n se aprob\u00f3 el acuerdo de financiaci\u00f3n entre la Generalitat de Catalunya y el Conselh Generau d\u2019Aran para el 2017, por un importe de 23.474.428,50 \u20ac, que supone un incremento de 1.407.701,14 \u20ac respecto del 2016.<\/p>\n<p>Para este 2017, en el \u00e1mbito de Salud, se acord\u00f3 la transferencia al Conselh Generau d\u2019Aran de 500.000 \u20ac destinados a la ampliaci\u00f3n del \u00e1rea quir\u00fargica del Hospital del Valle de Aran, as\u00ed como otra transferencia de 250.000 \u20ac destinados a la financiaci\u00f3n ordinaria del Hospital.<\/p>\n<p>En la reuni\u00f3n de la Comisi\u00f3n Bilateral, tambi\u00e9n se trat\u00f3 sobre el traspaso de competencias al Conselh Generau d\u2019Aran para la creaci\u00f3n de federaciones deportivas propias de Aran, que se encuentra en fase de informaci\u00f3n por parte de los expertos y pendiente del informe por parte del departamento de Presidencia del Gobierno de la Generalidad.<\/p>\n<p>Finalmente, el sindic d\u2019Aran, reclam\u00f3 que lo antes posible la Comisi\u00f3n Bilateral transfiera la dotaci\u00f3n econ\u00f3mica correspondiente a la creaci\u00f3n de 30 plazas de residencia geri\u00e1trica y 10 de centro de d\u00eda, para la nueva residencia geri\u00e1trica que el Conselh Generau d\u2019Aran quiere construir en Les.<\/p>\n<p>En palabras del sindic d\u2019Aran, Carlos Barrera, \u00abpara el Conselh Generau d\u2019Aran los \u00e1mbitos de salud y bienestar son prioritarios. El eje principal de la gesti\u00f3n del Gobierno de Aran son las personas, y con este objetivo trabajamos\u201d.<\/p>\n ","protected":false},"excerpt":{"rendered":"<p>Vielha, 14 de junio de 2017.- Ayer martes se convoc\u00f3 en la sede del departamento de Gobernaci\u00f3n, Administraciones P\u00fablicas y Vivienda, la Comisi\u00f3n Bilateral Gobierno de la Generalitat- Conselh Generau d\u2019Aran. La reuni\u00f3n fue presidida por la consejera de Gobernaci\u00f3n, Meritxell Borr\u00e0s, y por el sindic d\u2019Aran, Carlos Barrera. Tambi\u00e9n asistieron el vicesindic d\u2019Aran, Lu\u00eds&#8230;<\/p>\n","protected":false},"author":2,"featured_media":17764,"comment_status":"closed","ping_status":"closed","sticky":false,"template":"","format":"standard","meta":{"footnotes":""},"categories":[52,37],"tags":[],"_links":{"self":[{"href":"https:\/\/www.conselharan.org\/es\/wp-json\/wp\/v2\/posts\/17766"}],"collection":[{"href":"https:\/\/www.conselharan.org\/es\/wp-json\/wp\/v2\/posts"}],"about":[{"href":"https:\/\/www.conselharan.org\/es\/wp-json\/wp\/v2\/types\/post"}],"author":[{"embeddable":true,"href":"https:\/\/www.conselharan.org\/es\/wp-json\/wp\/v2\/users\/2"}],"replies":[{"embeddable":true,"href":"https:\/\/www.conselharan.org\/es\/wp-json\/wp\/v2\/comments?post=17766"}],"version-history":[{"count":1,"href":"https:\/\/www.conselharan.org\/es\/wp-json\/wp\/v2\/posts\/17766\/revisions"}],"predecessor-version":[{"id":17767,"href":"https:\/\/www.conselharan.org\/es\/wp-json\/wp\/v2\/posts\/17766\/revisions\/17767"}],"wp:featuredmedia":[{"embeddable":true,"href":"https:\/\/www.conselharan.org\/es\/wp-json\/wp\/v2\/media\/17764"}],"wp:attachment":[{"href":"https:\/\/www.conselharan.org\/es\/wp-json\/wp\/v2\/media?parent=17766"}],"wp:term":[{"taxonomy":"category","embeddable":true,"href":"https:\/\/www.conselharan.org\/es\/wp-json\/wp\/v2\/categories?post=17766"},{"taxonomy":"post_tag","embeddable":true,"href":"https:\/\/www.conselharan.org\/es\/wp-json\/wp\/v2\/tags?post=17766"}],"curies":[{"name":"wp","href":"https:\/\/api.w.org\/{rel}","templated":true}]}}