{"id":17800,"date":"2017-06-16T12:54:57","date_gmt":"2017-06-16T10:54:57","guid":{"rendered":"http:\/\/www.conselharan.org\/es\/?p=17800"},"modified":"2017-06-16T12:57:39","modified_gmt":"2017-06-16T10:57:39","slug":"reunion-del-conselh-generau-daran-y-la-generalitat-por-los-ataques-del-oso-goiat","status":"publish","type":"post","link":"https:\/\/www.conselharan.org\/es\/reunion-del-conselh-generau-daran-y-la-generalitat-por-los-ataques-del-oso-goiat\/","title":{"rendered":"Reuni\u00f3n del Conselh Generau d\u2019Aran y la Generalitat por los ataques del oso Goiat"},"content":{"rendered":"<p>Vielha, 16 de junio de 2017.- El pasado d\u00eda 13 de junio el sindic d\u2019Aran, <strong>Carlos Barrera<\/strong>, se puso en contacto con el director general de Pol\u00edticas Ambientales y Medio Natural de la Generalitat, <strong>Ferran Miralles<\/strong>, para comunicarle las afectaciones producidas por el oso Goiat en los reba\u00f1os de la Val d&#8217;Aran.<\/p>\n<p><strong>Hasta el pasado d\u00eda 13 de junio el departamento de Agricultura, Ganader\u00eda y Medio Natural del Conselh Generau d\u2019Aran hab\u00eda contabilizado el ataque a 15 ovejas, un potro, dos yeguas y dos colmenas de abejas.<\/strong><\/p>\n<p><a href=\"http:\/\/www.conselharan.org\/wp-content\/uploads\/2017\/06\/Lliberacio_os_3-1-767x431.jpg\"><img loading=\"lazy\" decoding=\"async\" class=\"aligncenter size-full wp-image-17798\" src=\"http:\/\/www.conselharan.org\/wp-content\/uploads\/2017\/06\/Lliberacio_os_3-1-767x431.jpg\" alt=\"Lliberacio_os_3-1-767x431\" width=\"767\" height=\"431\" srcset=\"https:\/\/www.conselharan.org\/wp-content\/uploads\/2017\/06\/Lliberacio_os_3-1-767x431.jpg 767w, https:\/\/www.conselharan.org\/wp-content\/uploads\/2017\/06\/Lliberacio_os_3-1-767x431-300x169.jpg 300w\" sizes=\"(max-width: 767px) 100vw, 767px\" \/><\/a><\/p>\n<p>Ante esta situaci\u00f3n, el sindic d\u2019Aran, ha pedido que se convoque una reuni\u00f3n t\u00e9cnica para evaluar seriamente la toma de decisiones ante este comportamiento reincidente de ataques continuados de este ejemplar, que han sido verificados por el seguimiento GPS que se hace del oso Goiat.<\/p>\n<p>En la reuni\u00f3n, que est\u00e1 prevista a inicios de la semana entrante se analizar\u00e1 tambi\u00e9n el protocolo t\u00e9cnico que el programa Piros Life contempla en cuanto a las medidas que deben tomarse ante un comportamiento aversivo del oso.<\/p>\n<p>El sindic d\u2019Aran, Carlos Barrera explic\u00f3 que la prioridad del Conselh Generau d\u2019Aran es que se apliquen todas las medidas correctoras necesarias para reducir al m\u00e1ximo futuras incidencias sobre los reba\u00f1os del Valle de Aran y a\u00f1adi\u00f3 que a no ser por estos ataques continuados del oso Goiat, habr\u00edamos tenido una primavera sin incidentes destacables.<\/p>\n ","protected":false},"excerpt":{"rendered":"<p>Vielha, 16 de junio de 2017.- El pasado d\u00eda 13 de junio el sindic d\u2019Aran, Carlos Barrera, se puso en contacto con el director general de Pol\u00edticas Ambientales y Medio Natural de la Generalitat, Ferran Miralles, para comunicarle las afectaciones producidas por el oso Goiat en los reba\u00f1os de la Val d&#8217;Aran. Hasta el pasado&#8230;<\/p>\n","protected":false},"author":2,"featured_media":17798,"comment_status":"closed","ping_status":"closed","sticky":false,"template":"","format":"standard","meta":{"footnotes":""},"categories":[129,52,126,37],"tags":[],"_links":{"self":[{"href":"https:\/\/www.conselharan.org\/es\/wp-json\/wp\/v2\/posts\/17800"}],"collection":[{"href":"https:\/\/www.conselharan.org\/es\/wp-json\/wp\/v2\/posts"}],"about":[{"href":"https:\/\/www.conselharan.org\/es\/wp-json\/wp\/v2\/types\/post"}],"author":[{"embeddable":true,"href":"https:\/\/www.conselharan.org\/es\/wp-json\/wp\/v2\/users\/2"}],"replies":[{"embeddable":true,"href":"https:\/\/www.conselharan.org\/es\/wp-json\/wp\/v2\/comments?post=17800"}],"version-history":[{"count":2,"href":"https:\/\/www.conselharan.org\/es\/wp-json\/wp\/v2\/posts\/17800\/revisions"}],"predecessor-version":[{"id":17802,"href":"https:\/\/www.conselharan.org\/es\/wp-json\/wp\/v2\/posts\/17800\/revisions\/17802"}],"wp:featuredmedia":[{"embeddable":true,"href":"https:\/\/www.conselharan.org\/es\/wp-json\/wp\/v2\/media\/17798"}],"wp:attachment":[{"href":"https:\/\/www.conselharan.org\/es\/wp-json\/wp\/v2\/media?parent=17800"}],"wp:term":[{"taxonomy":"category","embeddable":true,"href":"https:\/\/www.conselharan.org\/es\/wp-json\/wp\/v2\/categories?post=17800"},{"taxonomy":"post_tag","embeddable":true,"href":"https:\/\/www.conselharan.org\/es\/wp-json\/wp\/v2\/tags?post=17800"}],"curies":[{"name":"wp","href":"https:\/\/api.w.org\/{rel}","templated":true}]}}