{"id":17829,"date":"2017-06-16T14:38:33","date_gmt":"2017-06-16T12:38:33","guid":{"rendered":"http:\/\/www.conselharan.org\/es\/?p=17829"},"modified":"2017-06-16T14:38:33","modified_gmt":"2017-06-16T12:38:33","slug":"trabajos-de-pavimentacion-en-la-travesia-de-es-bordes","status":"publish","type":"post","link":"https:\/\/www.conselharan.org\/es\/trabajos-de-pavimentacion-en-la-travesia-de-es-bordes\/","title":{"rendered":"Trabajos de pavimentaci\u00f3n en la traves\u00eda de Es B\u00f2rdes"},"content":{"rendered":"<p>Vielha, 16 de junio de 2017.- El pr\u00f3ximo <strong>lunes d\u00eda 19 de junio<\/strong> se llevar\u00e1n a cabo los trabajos de pavimentaci\u00f3n con mezcla bituminosa en caliente de la traves\u00eda de Es B\u00f2rdes.<\/p>\n<p>Por este motivo <strong>no se podr\u00e1 circular por la traves\u00eda del pueblo mientras se est\u00e9n realizando estos trabajos entre las 8: 30h y las 18: 00h.<\/strong><\/p>\n<p>De ah\u00ed que quedar\u00e1 cortado el acceso a la Artiga de Lin por el pueblo de Es B\u00f2rdes, siendo el itinerario alternativo de acceso desde Aub\u00e8rt o por Gausac.<\/p>\n<p><a href=\"http:\/\/www.conselharan.org\/wp-content\/uploads\/2017\/06\/slide-esbordes-3.jpg\"><img loading=\"lazy\" decoding=\"async\" class=\"aligncenter size-full wp-image-17827\" src=\"http:\/\/www.conselharan.org\/wp-content\/uploads\/2017\/06\/slide-esbordes-3.jpg\" alt=\"slide-esbordes-3\" width=\"1000\" height=\"457\" srcset=\"https:\/\/www.conselharan.org\/wp-content\/uploads\/2017\/06\/slide-esbordes-3.jpg 1000w, https:\/\/www.conselharan.org\/wp-content\/uploads\/2017\/06\/slide-esbordes-3-300x137.jpg 300w, https:\/\/www.conselharan.org\/wp-content\/uploads\/2017\/06\/slide-esbordes-3-768x351.jpg 768w\" sizes=\"(max-width: 1000px) 100vw, 1000px\" \/><\/a><\/p>\n ","protected":false},"excerpt":{"rendered":"<p>Vielha, 16 de junio de 2017.- El pr\u00f3ximo lunes d\u00eda 19 de junio se llevar\u00e1n a cabo los trabajos de pavimentaci\u00f3n con mezcla bituminosa en caliente de la traves\u00eda de Es B\u00f2rdes. Por este motivo no se podr\u00e1 circular por la traves\u00eda del pueblo mientras se est\u00e9n realizando estos trabajos entre las 8: 30h y&#8230;<\/p>\n","protected":false},"author":2,"featured_media":17827,"comment_status":"closed","ping_status":"closed","sticky":false,"template":"","format":"standard","meta":{"footnotes":""},"categories":[34],"tags":[],"_links":{"self":[{"href":"https:\/\/www.conselharan.org\/es\/wp-json\/wp\/v2\/posts\/17829"}],"collection":[{"href":"https:\/\/www.conselharan.org\/es\/wp-json\/wp\/v2\/posts"}],"about":[{"href":"https:\/\/www.conselharan.org\/es\/wp-json\/wp\/v2\/types\/post"}],"author":[{"embeddable":true,"href":"https:\/\/www.conselharan.org\/es\/wp-json\/wp\/v2\/users\/2"}],"replies":[{"embeddable":true,"href":"https:\/\/www.conselharan.org\/es\/wp-json\/wp\/v2\/comments?post=17829"}],"version-history":[{"count":1,"href":"https:\/\/www.conselharan.org\/es\/wp-json\/wp\/v2\/posts\/17829\/revisions"}],"predecessor-version":[{"id":17830,"href":"https:\/\/www.conselharan.org\/es\/wp-json\/wp\/v2\/posts\/17829\/revisions\/17830"}],"wp:featuredmedia":[{"embeddable":true,"href":"https:\/\/www.conselharan.org\/es\/wp-json\/wp\/v2\/media\/17827"}],"wp:attachment":[{"href":"https:\/\/www.conselharan.org\/es\/wp-json\/wp\/v2\/media?parent=17829"}],"wp:term":[{"taxonomy":"category","embeddable":true,"href":"https:\/\/www.conselharan.org\/es\/wp-json\/wp\/v2\/categories?post=17829"},{"taxonomy":"post_tag","embeddable":true,"href":"https:\/\/www.conselharan.org\/es\/wp-json\/wp\/v2\/tags?post=17829"}],"curies":[{"name":"wp","href":"https:\/\/api.w.org\/{rel}","templated":true}]}}