{"id":17878,"date":"2017-06-22T18:11:11","date_gmt":"2017-06-22T16:11:11","guid":{"rendered":"http:\/\/www.conselharan.org\/es\/era-val-daran-viu-er-esplendor-des-hestes-deth-huec\/"},"modified":"2017-06-22T18:15:43","modified_gmt":"2017-06-22T16:15:43","slug":"era-val-daran-viu-er-esplendor-des-hestes-deth-huec","status":"publish","type":"post","link":"https:\/\/www.conselharan.org\/es\/era-val-daran-viu-er-esplendor-des-hestes-deth-huec\/","title":{"rendered":"El Valle de Aran vive el esplendor de las H\u00e8stes deth Huec"},"content":{"rendered":"<p>Vielha, 22 de junio de 2017.- Les y Arties, los dos pueblos de la Val d&#8217;Aran que celebran las Hestes deth Huec, declaradas en 2015 Patrimonio Cultural Inmaterial de la Humanidad por la Unesco, disfrutan este a\u00f1o del m\u00e1ximo esplendor de esta tradici\u00f3n secular de la noche de San Juan, gracias al inter\u00e9s tur\u00edstico y cultural que estas fiestas despiertan en el pirineo.<\/p>\n<p><strong>Programas:<\/strong><\/p>\n<p><strong>Les<\/strong><\/p>\n<p><a href=\"http:\/\/www.conselharan.org\/wp-content\/uploads\/2017\/06\/19060072_862927990525664_1652511899643425177_n.jpg\"><img loading=\"lazy\" decoding=\"async\" class=\"aligncenter size-large wp-image-17872\" src=\"http:\/\/www.conselharan.org\/wp-content\/uploads\/2017\/06\/19060072_862927990525664_1652511899643425177_n.jpg\" alt=\"19060072_862927990525664_1652511899643425177_n\" width=\"842\" height=\"842\" srcset=\"https:\/\/www.conselharan.org\/wp-content\/uploads\/2017\/06\/19060072_862927990525664_1652511899643425177_n.jpg 842w, https:\/\/www.conselharan.org\/wp-content\/uploads\/2017\/06\/19060072_862927990525664_1652511899643425177_n-150x150.jpg 150w, https:\/\/www.conselharan.org\/wp-content\/uploads\/2017\/06\/19060072_862927990525664_1652511899643425177_n-300x300.jpg 300w, https:\/\/www.conselharan.org\/wp-content\/uploads\/2017\/06\/19060072_862927990525664_1652511899643425177_n-768x768.jpg 768w, https:\/\/www.conselharan.org\/wp-content\/uploads\/2017\/06\/19060072_862927990525664_1652511899643425177_n-270x270.jpg 270w, https:\/\/www.conselharan.org\/wp-content\/uploads\/2017\/06\/19060072_862927990525664_1652511899643425177_n-207x207.jpg 207w, https:\/\/www.conselharan.org\/wp-content\/uploads\/2017\/06\/19060072_862927990525664_1652511899643425177_n-75x75.jpg 75w\" sizes=\"(max-width: 842px) 100vw, 842px\" \/><\/a><\/p>\n<p><strong>Arties<\/strong><\/p>\n<p><a href=\"http:\/\/www.conselharan.org\/wp-content\/uploads\/2017\/06\/programa-taro-arties-2017.jpg\"><img loading=\"lazy\" decoding=\"async\" class=\"aligncenter size-large wp-image-17871\" src=\"http:\/\/www.conselharan.org\/wp-content\/uploads\/2017\/06\/programa-taro-arties-2017-723x1024.jpg\" alt=\"programa-taro-arties-2017\" width=\"723\" height=\"1024\" srcset=\"https:\/\/www.conselharan.org\/wp-content\/uploads\/2017\/06\/programa-taro-arties-2017.jpg 723w, https:\/\/www.conselharan.org\/wp-content\/uploads\/2017\/06\/programa-taro-arties-2017-212x300.jpg 212w\" sizes=\"(max-width: 723px) 100vw, 723px\" \/><\/a><\/p>\n<p>&nbsp;<\/p>\n ","protected":false},"excerpt":{"rendered":"<p>Vielha, 22 de junio de 2017.- Les y Arties, los dos pueblos de la Val d&#8217;Aran que celebran las Hestes deth Huec, declaradas en 2015 Patrimonio Cultural Inmaterial de la Humanidad por la Unesco, disfrutan este a\u00f1o del m\u00e1ximo esplendor de esta tradici\u00f3n secular de la noche de San Juan, gracias al inter\u00e9s tur\u00edstico y&#8230;<\/p>\n","protected":false},"author":2,"featured_media":17873,"comment_status":"closed","ping_status":"closed","sticky":false,"template":"","format":"standard","meta":{"footnotes":""},"categories":[34,37],"tags":[],"_links":{"self":[{"href":"https:\/\/www.conselharan.org\/es\/wp-json\/wp\/v2\/posts\/17878"}],"collection":[{"href":"https:\/\/www.conselharan.org\/es\/wp-json\/wp\/v2\/posts"}],"about":[{"href":"https:\/\/www.conselharan.org\/es\/wp-json\/wp\/v2\/types\/post"}],"author":[{"embeddable":true,"href":"https:\/\/www.conselharan.org\/es\/wp-json\/wp\/v2\/users\/2"}],"replies":[{"embeddable":true,"href":"https:\/\/www.conselharan.org\/es\/wp-json\/wp\/v2\/comments?post=17878"}],"version-history":[{"count":1,"href":"https:\/\/www.conselharan.org\/es\/wp-json\/wp\/v2\/posts\/17878\/revisions"}],"predecessor-version":[{"id":17879,"href":"https:\/\/www.conselharan.org\/es\/wp-json\/wp\/v2\/posts\/17878\/revisions\/17879"}],"wp:featuredmedia":[{"embeddable":true,"href":"https:\/\/www.conselharan.org\/es\/wp-json\/wp\/v2\/media\/17873"}],"wp:attachment":[{"href":"https:\/\/www.conselharan.org\/es\/wp-json\/wp\/v2\/media?parent=17878"}],"wp:term":[{"taxonomy":"category","embeddable":true,"href":"https:\/\/www.conselharan.org\/es\/wp-json\/wp\/v2\/categories?post=17878"},{"taxonomy":"post_tag","embeddable":true,"href":"https:\/\/www.conselharan.org\/es\/wp-json\/wp\/v2\/tags?post=17878"}],"curies":[{"name":"wp","href":"https:\/\/api.w.org\/{rel}","templated":true}]}}