{"id":17920,"date":"2017-06-29T11:01:06","date_gmt":"2017-06-29T09:01:06","guid":{"rendered":"http:\/\/www.conselharan.org\/es\/?p=17920"},"modified":"2017-06-29T11:01:06","modified_gmt":"2017-06-29T09:01:06","slug":"jornada-explicativa-en-el-conselh-generau-de-la-candidatura-del-valle-de-aran-como-patrimonio-de-la-humanidad-de-la-unesco","status":"publish","type":"post","link":"https:\/\/www.conselharan.org\/es\/jornada-explicativa-en-el-conselh-generau-de-la-candidatura-del-valle-de-aran-como-patrimonio-de-la-humanidad-de-la-unesco\/","title":{"rendered":"Jornada explicativa en el Conselh Generau de la candidatura del Valle de Aran como Patrimonio de la Humanidad de la Unesco"},"content":{"rendered":"<p>Vielha, 28 de junio de 2017.- El pasado lunes tuvo lugar en el Conselh Generau d\u2019Aran una jornada explicativa para trabajar sobre el desarrollo y la preparaci\u00f3n del expediente de la candidatura de patrimonio natural, cultural, art\u00edstico e identitario del Valle de Aran como Patrimonio de la Humanidad por parte de la Unesco.<\/p>\n<p><a href=\"http:\/\/www.conselharan.org\/wp-content\/uploads\/2017\/06\/IMG_5879.jpg\"><img loading=\"lazy\" decoding=\"async\" class=\"aligncenter size-large wp-image-17918\" src=\"http:\/\/www.conselharan.org\/wp-content\/uploads\/2017\/06\/IMG_5879-1024x584.jpg\" alt=\"IMG_5879\" width=\"1024\" height=\"584\" srcset=\"https:\/\/www.conselharan.org\/wp-content\/uploads\/2017\/06\/IMG_5879-1024x584.jpg 1024w, https:\/\/www.conselharan.org\/wp-content\/uploads\/2017\/06\/IMG_5879-300x171.jpg 300w, https:\/\/www.conselharan.org\/wp-content\/uploads\/2017\/06\/IMG_5879-768x438.jpg 768w, https:\/\/www.conselharan.org\/wp-content\/uploads\/2017\/06\/IMG_5879-305x175.jpg 305w\" sizes=\"(max-width: 1024px) 100vw, 1024px\" \/><\/a><\/p>\n<p>En la jornada participaron el sindic d\u2019Aran, <strong>Carlos Barrera<\/strong>, y diferentes alcaldes y ped\u00e1neos de la Val d&#8217;Aran.<\/p>\n<p>El asesor en materia de Cultura y Patrimonio del Conselh Generau d\u2019Aran, <strong>J\u00e8p de<\/strong> <strong>Montoya<\/strong>, fue el encargado de exponer los trabajos realizados hasta ahora y de las ideas para el desarrollo y preparaci\u00f3n de la candidatura.<\/p>\n<p>El conjunto de iglesias aranesas y sus bienes muebles en su conjunto, son una obra maestra de criterio y ejecuci\u00f3n. El Cristo de Mijaran y el Santo Cristo de Salard\u00fa, son piezas mayores de la escultura rom\u00e1nica. Otro aspecto a tener en cuenta son los campanarios y las campanas araneses, cada pueblo tiene su iglesia y su campanario y todo ello en medio de una naturaleza singular.<\/p>\n<p>En otro orden de cosas, Montoya, tambi\u00e9n destac\u00f3 el hecho qu\u00e9 desde una sociedad y econom\u00eda de subsistencia, el Valle de Aran haya evolucionado hacia ser un pa\u00eds moderno y de servicios, pero sin renunciar a poner en valor la primera y m\u00e1s primitiva de las esencias aranesas.<\/p>\n<p>La infraestructura aranesa deportiva, l\u00fadica, hotelera, as\u00ed como la restauraci\u00f3n y la gastronom\u00eda tradicional, propia y \u00fanica, junto con las instalaciones hidroel\u00e9ctricas ser\u00e1n claves para conseguir la declaraci\u00f3n de Patrimonio de la Humanidad.<\/p>\n<p>Potenciar la fiesta de los Barbacans en carnaval, que es la escenificaci\u00f3n ancestral del llamado \u00abBal der Os\u00bb, tal como ya se hace con las H\u00e8stes deth huec del solsticio de verano declaradas Patrimonio Inmaterial de la Humanidad.<\/p>\n<p>La fuerza de la Val de Aran dentro de la f\u00f3rmula mixta de patrimonio natural y cultural radica en el conjunto creado por el hombre, pueblos, iglesias, lengua, cultura, historia e identidad, rodeado de la belleza de lugares como la Ribera de Toran, de Canejan y el Cerro del Montlude; la Ribera de la Artiga de Lin; la Ribera de Varrad\u00f2s; Beret y Montgarri; Aiguam\u00f2g y Valarties.<\/p>\n ","protected":false},"excerpt":{"rendered":"<p>Vielha, 28 de junio de 2017.- El pasado lunes tuvo lugar en el Conselh Generau d\u2019Aran una jornada explicativa para trabajar sobre el desarrollo y la preparaci\u00f3n del expediente de la candidatura de patrimonio natural, cultural, art\u00edstico e identitario del Valle de Aran como Patrimonio de la Humanidad por parte de la Unesco. En la&#8230;<\/p>\n","protected":false},"author":2,"featured_media":17918,"comment_status":"closed","ping_status":"closed","sticky":false,"template":"","format":"standard","meta":{"footnotes":""},"categories":[37],"tags":[],"_links":{"self":[{"href":"https:\/\/www.conselharan.org\/es\/wp-json\/wp\/v2\/posts\/17920"}],"collection":[{"href":"https:\/\/www.conselharan.org\/es\/wp-json\/wp\/v2\/posts"}],"about":[{"href":"https:\/\/www.conselharan.org\/es\/wp-json\/wp\/v2\/types\/post"}],"author":[{"embeddable":true,"href":"https:\/\/www.conselharan.org\/es\/wp-json\/wp\/v2\/users\/2"}],"replies":[{"embeddable":true,"href":"https:\/\/www.conselharan.org\/es\/wp-json\/wp\/v2\/comments?post=17920"}],"version-history":[{"count":1,"href":"https:\/\/www.conselharan.org\/es\/wp-json\/wp\/v2\/posts\/17920\/revisions"}],"predecessor-version":[{"id":17921,"href":"https:\/\/www.conselharan.org\/es\/wp-json\/wp\/v2\/posts\/17920\/revisions\/17921"}],"wp:featuredmedia":[{"embeddable":true,"href":"https:\/\/www.conselharan.org\/es\/wp-json\/wp\/v2\/media\/17918"}],"wp:attachment":[{"href":"https:\/\/www.conselharan.org\/es\/wp-json\/wp\/v2\/media?parent=17920"}],"wp:term":[{"taxonomy":"category","embeddable":true,"href":"https:\/\/www.conselharan.org\/es\/wp-json\/wp\/v2\/categories?post=17920"},{"taxonomy":"post_tag","embeddable":true,"href":"https:\/\/www.conselharan.org\/es\/wp-json\/wp\/v2\/tags?post=17920"}],"curies":[{"name":"wp","href":"https:\/\/api.w.org\/{rel}","templated":true}]}}