{"id":17973,"date":"2017-07-03T20:11:39","date_gmt":"2017-07-03T18:11:39","guid":{"rendered":"http:\/\/www.conselharan.org\/es\/?p=17973"},"modified":"2017-07-03T20:29:54","modified_gmt":"2017-07-03T18:29:54","slug":"reunion-de-la-comision-de-urbanismo-del-valle-de-aran","status":"publish","type":"post","link":"https:\/\/www.conselharan.org\/es\/reunion-de-la-comision-de-urbanismo-del-valle-de-aran\/","title":{"rendered":"Reuni\u00f3n de la Comisi\u00f3n de Urbanismo del Valle de Aran"},"content":{"rendered":"<p>&nbsp;<\/p>\n<p>Vielha, 3 de julio de 2017.- La Comisi\u00f3n Territorial de Urbanismo de la Val d&#8217;Aran, co-presidida por el director general de Ordenaci\u00f3n del Territorio y Urbanismo, <strong>Agust\u00ed Serra<\/strong> y el sindic d\u2019Aran, <strong>Carlos Barrera<\/strong>, ha celebrado una nueva sesi\u00f3n esta ma\u00f1ana en la sede del Conselh Generau d\u2019Aran.<\/p>\n<p><a href=\"http:\/\/www.conselharan.org\/wp-content\/uploads\/2017\/07\/IMG_6770.jpg\"><img loading=\"lazy\" decoding=\"async\" class=\"aligncenter size-large wp-image-17970\" src=\"http:\/\/www.conselharan.org\/wp-content\/uploads\/2017\/07\/IMG_6770-1024x768.jpg\" alt=\"IMG_6770\" width=\"1024\" height=\"768\" srcset=\"https:\/\/www.conselharan.org\/wp-content\/uploads\/2017\/07\/IMG_6770-1024x768.jpg 1024w, https:\/\/www.conselharan.org\/wp-content\/uploads\/2017\/07\/IMG_6770-300x225.jpg 300w, https:\/\/www.conselharan.org\/wp-content\/uploads\/2017\/07\/IMG_6770-768x576.jpg 768w\" sizes=\"(max-width: 1024px) 100vw, 1024px\" \/><\/a><\/p>\n<p>La Comisi\u00f3n de Urbanismo ha tratado entre otros asuntos, la aprobaci\u00f3n de la ampliaci\u00f3n de las instalaciones de los Banhs d&#8217;Arties, y la reforma y ampliaci\u00f3n del p\u00e0rrec de Orri Moet Winter.<\/p>\n<p>Se ha dado luz verde a la construcci\u00f3n de un aparcamiento provisional de 20 plazas en un interior de manzana en la calle Sant Jaume, 22 de Les.<\/p>\n<p>Finalmente, tambi\u00e9n se han valorado tres alternativas presentadas de consulta de evaluaci\u00f3n ambiental del Plan especial urban\u00edstico para implantar la actividad de un campo de tiro en Vilam\u00f2s y Es B\u00f2rdes. En este sentido, Agust\u00ed Serra, ha explicado que se ha propuesto que toda la actividad sea desarrollada en suelo preventivo y no en suelo protegido.<\/p>\n<p>Serra ha explicado que durante la Comisi\u00f3n de urbanismo se ha dado cuenta de las competencias urban\u00edsticas de la Val d\u2019Aran dentro de la Ley de Aran, en las que el Conselh Generau d\u2019Aran pasa a tener un papel de primer orden y se consolida as\u00ed el tercer \u00e1mbito singular de tramitaci\u00f3n urban\u00edstica de Catalunya como son el Ayuntamiento de Barcelona, el \u00c1rea Metropolitana de Barcelona y ahora el Valle de Aran.<\/p>\n<p>Al finalizar la reuni\u00f3n de la Comisi\u00f3n de Urbanismo, el sindic d\u2019Aran, <strong>Carlos Barrera<\/strong>, explic\u00f3 que la de hoy ha sido la \u00faltima reuni\u00f3n de la Comisi\u00f3n en el formato actual, ya que despu\u00e9s de los acuerdos tomados en la \u00faltima sesi\u00f3n de la Comisi\u00f3n Bilateral Gobierno de la Generalitat- Conselh Generau d\u2019Aran, uno de los acuerdos que se tomaron fue el de potenciar la Oficina T\u00e9cnica del Conselh Generau d\u2019Aran, aplicando la voluntad de la Ley de Aran. As\u00ed, a partir de ahora los Servicios T\u00e9cnicos del Conselh Generau ser\u00e1n quienes elaboren las propuestas de resoluci\u00f3n y de acuerdos de la Comisi\u00f3n de Urbanismo.<\/p>\n<p>De este modo, dijo Barrera, se consiguen dos objetivos, el primero que los municipios de Aran vean como referencia de aquellos expedientes que deben ser sometidos a la aprobaci\u00f3n de la Comisi\u00f3n de Urbanismo a los servicios T\u00e9cnicos del Conselh Generau d\u2019Aran, ya que los expedientes se podr\u00e1n tramitar a trav\u00e9s de esta misma Oficina T\u00e9cnica o como hasta ahora en los Servicios Territoriales de Urbanismo de Lleida. Por otro lado esto conllevar\u00e1 una relaci\u00f3n bastante m\u00e1s fluida y \u00e1gil de los Servicios T\u00e9cnicos y el fortalecimiento de la estructura de la Oficina T\u00e9cnica del Consellh Generau.<\/p>\n<p>Los diferentes departamentos del Conselh Generau d\u2019Aran tambi\u00e9n ser\u00e1n los encargados de elaborar los informes sectoriales en los \u00e1mbitos en los que tiene competencias, como los relacionados con informes t\u00e9cnicos de patrimonio, de cultura o de Medio Natural por poner un ejemplo.<\/p>\n<p><strong>\u00a0<\/strong><\/p>\n<p><strong>Anteproyecto de la Ley de Territorio de Catalunya<\/strong><\/p>\n<p>Por la tarde el director general de Ordenaci\u00f3n del Territorio y Urbanismo, <strong>Agust\u00ed Serra<\/strong>, explic\u00f3 ante alcaldes y t\u00e9cnico de urbanismo de la Val d&#8217;Aran, el anteproyecto de Ley del Territorio. Serra, afirm\u00f3 que esta nueva ley de la que se comenz\u00f3 el proceso de tramitaci\u00f3n formal el pasado 14 de abril, tendr\u00e1 mucha trascendencia en cuanto a los modelos de ciudades y del territorio en un futuro.<\/p>\n<p><a href=\"http:\/\/www.conselharan.org\/wp-content\/uploads\/2017\/07\/IMG_6806.jpg\"><img loading=\"lazy\" decoding=\"async\" class=\"aligncenter size-large wp-image-17971\" src=\"http:\/\/www.conselharan.org\/wp-content\/uploads\/2017\/07\/IMG_6806-1024x768.jpg\" alt=\"IMG_6806\" width=\"1024\" height=\"768\" srcset=\"https:\/\/www.conselharan.org\/wp-content\/uploads\/2017\/07\/IMG_6806-1024x768.jpg 1024w, https:\/\/www.conselharan.org\/wp-content\/uploads\/2017\/07\/IMG_6806-300x225.jpg 300w, https:\/\/www.conselharan.org\/wp-content\/uploads\/2017\/07\/IMG_6806-768x576.jpg 768w\" sizes=\"(max-width: 1024px) 100vw, 1024px\" \/><\/a><\/p>\n<p>Serra ha resumido en 10 los objetivos de la nueva ley, con la intenci\u00f3n de fomentar la transparencia, impulsar un registro de planeamiento y los principios de gobernanza, a\u00f1adiendo que es un proyecto de ley que refuerza el papel de los funcionarios.<\/p>\n<p>Los diez puntos a los que ha hecho menci\u00f3n son: integrar la legislaci\u00f3n en materia de ordenaci\u00f3n del territorio (integrar 4 legislaciones: planificaci\u00f3n territorial, urbanismo, paisaje y urbanizaciones en 1 sola); abordar la diversidad territorial de Catalunya; priorizar el reciclaje urbano; adaptar y flexibilizar la planificaci\u00f3n en el contexto temporal; mejorar la eficiencia y la competitividad del sistema territorial; fomentar una mayor integraci\u00f3n de las variables sociales, econ\u00f3micas y ambientales; planificar los espacios abiertos; gestionar el parque edificado en los espacios abiertos; integrar el paisaje transversalmente y abordar las urbanizaciones con d\u00e9ficits.<\/p>\n<p>Serra ha a\u00f1adido que abordar la diversidad territorial es una verdadera obsesi\u00f3n de los responsables del Gobierno y que la intenci\u00f3n final es que esta futura ley sea gen\u00e9rica con tantos reglamentos como sea necesario.<\/p>\n ","protected":false},"excerpt":{"rendered":"<p>&nbsp; Vielha, 3 de julio de 2017.- La Comisi\u00f3n Territorial de Urbanismo de la Val d&#8217;Aran, co-presidida por el director general de Ordenaci\u00f3n del Territorio y Urbanismo, Agust\u00ed Serra y el sindic d\u2019Aran, Carlos Barrera, ha celebrado una nueva sesi\u00f3n esta ma\u00f1ana en la sede del Conselh Generau d\u2019Aran. La Comisi\u00f3n de Urbanismo ha tratado&#8230;<\/p>\n","protected":false},"author":2,"featured_media":17970,"comment_status":"closed","ping_status":"closed","sticky":false,"template":"","format":"standard","meta":{"footnotes":""},"categories":[52,37],"tags":[],"_links":{"self":[{"href":"https:\/\/www.conselharan.org\/es\/wp-json\/wp\/v2\/posts\/17973"}],"collection":[{"href":"https:\/\/www.conselharan.org\/es\/wp-json\/wp\/v2\/posts"}],"about":[{"href":"https:\/\/www.conselharan.org\/es\/wp-json\/wp\/v2\/types\/post"}],"author":[{"embeddable":true,"href":"https:\/\/www.conselharan.org\/es\/wp-json\/wp\/v2\/users\/2"}],"replies":[{"embeddable":true,"href":"https:\/\/www.conselharan.org\/es\/wp-json\/wp\/v2\/comments?post=17973"}],"version-history":[{"count":2,"href":"https:\/\/www.conselharan.org\/es\/wp-json\/wp\/v2\/posts\/17973\/revisions"}],"predecessor-version":[{"id":17978,"href":"https:\/\/www.conselharan.org\/es\/wp-json\/wp\/v2\/posts\/17973\/revisions\/17978"}],"wp:featuredmedia":[{"embeddable":true,"href":"https:\/\/www.conselharan.org\/es\/wp-json\/wp\/v2\/media\/17970"}],"wp:attachment":[{"href":"https:\/\/www.conselharan.org\/es\/wp-json\/wp\/v2\/media?parent=17973"}],"wp:term":[{"taxonomy":"category","embeddable":true,"href":"https:\/\/www.conselharan.org\/es\/wp-json\/wp\/v2\/categories?post=17973"},{"taxonomy":"post_tag","embeddable":true,"href":"https:\/\/www.conselharan.org\/es\/wp-json\/wp\/v2\/tags?post=17973"}],"curies":[{"name":"wp","href":"https:\/\/api.w.org\/{rel}","templated":true}]}}