{"id":18156,"date":"2017-07-20T11:57:30","date_gmt":"2017-07-20T09:57:30","guid":{"rendered":"http:\/\/www.conselharan.org\/es\/?p=18156"},"modified":"2017-07-20T11:57:30","modified_gmt":"2017-07-20T09:57:30","slug":"comienza-la-pretemporada-de-los-equipos-de-futbol-en-el-valle-de-aran","status":"publish","type":"post","link":"https:\/\/www.conselharan.org\/es\/comienza-la-pretemporada-de-los-equipos-de-futbol-en-el-valle-de-aran\/","title":{"rendered":"Comienza la pretemporada de los equipos de f\u00fatbol en el Valle de Aran"},"content":{"rendered":"<p>Vielha, 20 de julio de 2017.- El Valle de Aran acoger\u00e1 un verano m\u00e1s los \u00abstages\u00bb de pretemporada de equipos de f\u00fatbol de alto nivel, como es el caso del RCD Espanyol B y femenino; Lleida Esportiu y el Toulouse FC.<\/p>\n<p><a href=\"http:\/\/www.conselharan.org\/wp-content\/uploads\/2017\/07\/IMG_8769.jpg\"><img loading=\"lazy\" decoding=\"async\" class=\"aligncenter size-large wp-image-18151\" src=\"http:\/\/www.conselharan.org\/wp-content\/uploads\/2017\/07\/IMG_8769-1024x768.jpg\" alt=\"IMG_8769\" width=\"1024\" height=\"768\" srcset=\"https:\/\/www.conselharan.org\/wp-content\/uploads\/2017\/07\/IMG_8769-1024x768.jpg 1024w, https:\/\/www.conselharan.org\/wp-content\/uploads\/2017\/07\/IMG_8769-300x225.jpg 300w, https:\/\/www.conselharan.org\/wp-content\/uploads\/2017\/07\/IMG_8769-768x576.jpg 768w\" sizes=\"(max-width: 1024px) 100vw, 1024px\" \/><\/a><\/p>\n<p>Los primeros en llegar a la Val de Aran este verano han sido los integrantes del equipo filial del RCD Espanyol, que han comenzado la preparaci\u00f3n de la temporada este lunes 17 de julio hasta el d\u00eda 20. M\u00e1s tarde ser\u00e1 el turno del Lleida Esportiu, que permanecer\u00e1 en el Valle de Aran desde el domingo 23 de julio hasta el d\u00eda 28.<\/p>\n<p>Despu\u00e9s del viaje a Indonesia y del partido ante la selecci\u00f3n Sub-19, la plantilla del Espanyol B ha iniciado la segunda etapa de su preparaci\u00f3n. El equipo que entrena David Gallego estar\u00e1 concentrado en el Valle de Aran hasta el pr\u00f3ximo viernes 21 de julio.<\/p>\n<p>El equipo fue recibido ayer en el Conselh Generau d\u2019Aran por el vicesindic, <strong>Lu\u00eds Carlos Medina<\/strong>, que destac\u00f3 la fidelidad del RCD Espanyol con el Valle de Aran en sus stages de pretemporada. El vicesindic d\u2019Aran, remarc\u00f3 que la presencia de equipos de \u00e9lite de cualquier disciplina deportiva durante la pretemporada en el Valle de Aran es una campa\u00f1a muy potente de promoci\u00f3n.<\/p>\n<p><a href=\"http:\/\/www.conselharan.org\/wp-content\/uploads\/2017\/07\/IMG_8744.jpg\"><img loading=\"lazy\" decoding=\"async\" class=\"aligncenter size-large wp-image-18147\" src=\"http:\/\/www.conselharan.org\/wp-content\/uploads\/2017\/07\/IMG_8744-1024x768.jpg\" alt=\"IMG_8744\" width=\"1024\" height=\"768\" srcset=\"https:\/\/www.conselharan.org\/wp-content\/uploads\/2017\/07\/IMG_8744-1024x768.jpg 1024w, https:\/\/www.conselharan.org\/wp-content\/uploads\/2017\/07\/IMG_8744-300x225.jpg 300w, https:\/\/www.conselharan.org\/wp-content\/uploads\/2017\/07\/IMG_8744-768x576.jpg 768w\" sizes=\"(max-width: 1024px) 100vw, 1024px\" \/><\/a><\/p>\n<p>Por otra parte, el Lleida Esportiu durante su stage en el Valle de Aran disputar\u00e1 dos partidos amistosos en el campo de f\u00fatbol de Gar\u00f2s (Naut Aran), donde se enfrentar\u00e1 el d\u00eda 26 de julio al Club de F\u00fatbol Tremp y el d\u00eda 28 a una selecci\u00f3n de la Val d&#8217;Aran.<\/p>\n ","protected":false},"excerpt":{"rendered":"<p>Vielha, 20 de julio de 2017.- El Valle de Aran acoger\u00e1 un verano m\u00e1s los \u00abstages\u00bb de pretemporada de equipos de f\u00fatbol de alto nivel, como es el caso del RCD Espanyol B y femenino; Lleida Esportiu y el Toulouse FC. Los primeros en llegar a la Val de Aran este verano han sido los&#8230;<\/p>\n","protected":false},"author":2,"featured_media":18151,"comment_status":"closed","ping_status":"closed","sticky":false,"template":"","format":"standard","meta":{"footnotes":""},"categories":[135,52,37],"tags":[],"_links":{"self":[{"href":"https:\/\/www.conselharan.org\/es\/wp-json\/wp\/v2\/posts\/18156"}],"collection":[{"href":"https:\/\/www.conselharan.org\/es\/wp-json\/wp\/v2\/posts"}],"about":[{"href":"https:\/\/www.conselharan.org\/es\/wp-json\/wp\/v2\/types\/post"}],"author":[{"embeddable":true,"href":"https:\/\/www.conselharan.org\/es\/wp-json\/wp\/v2\/users\/2"}],"replies":[{"embeddable":true,"href":"https:\/\/www.conselharan.org\/es\/wp-json\/wp\/v2\/comments?post=18156"}],"version-history":[{"count":1,"href":"https:\/\/www.conselharan.org\/es\/wp-json\/wp\/v2\/posts\/18156\/revisions"}],"predecessor-version":[{"id":18160,"href":"https:\/\/www.conselharan.org\/es\/wp-json\/wp\/v2\/posts\/18156\/revisions\/18160"}],"wp:featuredmedia":[{"embeddable":true,"href":"https:\/\/www.conselharan.org\/es\/wp-json\/wp\/v2\/media\/18151"}],"wp:attachment":[{"href":"https:\/\/www.conselharan.org\/es\/wp-json\/wp\/v2\/media?parent=18156"}],"wp:term":[{"taxonomy":"category","embeddable":true,"href":"https:\/\/www.conselharan.org\/es\/wp-json\/wp\/v2\/categories?post=18156"},{"taxonomy":"post_tag","embeddable":true,"href":"https:\/\/www.conselharan.org\/es\/wp-json\/wp\/v2\/tags?post=18156"}],"curies":[{"name":"wp","href":"https:\/\/api.w.org\/{rel}","templated":true}]}}