{"id":18199,"date":"2017-07-21T14:46:11","date_gmt":"2017-07-21T12:46:11","guid":{"rendered":"http:\/\/www.conselharan.org\/es\/?p=18199"},"modified":"2017-07-21T14:46:11","modified_gmt":"2017-07-21T12:46:11","slug":"museos-val-daran-presenta-las-actividades-de-verano-2017","status":"publish","type":"post","link":"https:\/\/www.conselharan.org\/es\/museos-val-daran-presenta-las-actividades-de-verano-2017\/","title":{"rendered":"Museos Val d&#8217;Aran presenta las actividades de verano 2017"},"content":{"rendered":"<p>Vielha, 21 de julio de 2017.- El museo ha organizado muchas actividades para todos los p\u00fablicos durante toda la temporada de verano, del 10 de julio hasta el 10 de septiembre.<\/p>\n<p><a href=\"http:\/\/www.conselharan.org\/wp-content\/uploads\/2017\/07\/IMG_8845.jpg\"><img loading=\"lazy\" decoding=\"async\" class=\"aligncenter size-large wp-image-18195\" src=\"http:\/\/www.conselharan.org\/wp-content\/uploads\/2017\/07\/IMG_8845-1024x768.jpg\" alt=\"IMG_8845\" width=\"1024\" height=\"768\" srcset=\"https:\/\/www.conselharan.org\/wp-content\/uploads\/2017\/07\/IMG_8845-1024x768.jpg 1024w, https:\/\/www.conselharan.org\/wp-content\/uploads\/2017\/07\/IMG_8845-300x225.jpg 300w, https:\/\/www.conselharan.org\/wp-content\/uploads\/2017\/07\/IMG_8845-768x576.jpg 768w\" sizes=\"(max-width: 1024px) 100vw, 1024px\" \/><\/a><\/p>\n<p>Las actividades consolidadas son las visitas guiadas de lunes a s\u00e1bado a las iglesias de la Ruta Rom\u00e1nica: Santa Maria de Arties, Santa Maria de Cap d&#8217;Aran (Tred\u00f2s), Santa Eulalia de Unha, San F\u00e9lix de Vilac, San Est\u00e8ue de Betren, San F\u00e9lix de Bagergue y San P\u00e8ir de Escunhau.<\/p>\n<p>Los Museos tambi\u00e9n abren sus puertas todos los d\u00edas de la semana. Pueden visitarse con gu\u00edas la Mina Victoria (de 11 a 15 horas), el Molino de Salard\u00fa (por la ma\u00f1ana a las 11, 12 y 13 horas), as\u00ed como la F\u00e1brica de la Lana, en Vielha (a las 17, 18 y 19 horas). Adem\u00e1s, el Museo de la Val de Aran ofrecer\u00e1 visitas guiadas a la exposici\u00f3n permanente los lunes del mes de agosto a las 11:30 horas.<\/p>\n<p>La novedad m\u00e1s destacable para esta temporada son las visitas teatralizadas al Ecomuseo de Joanchiquet. Tendr\u00e1n como protagonista en Rufina Monge, un personaje real que permanec\u00eda en la casa entre los siglos XVII y XVIII. A trav\u00e9s de este personaje, el visitante podr\u00e1 conocer de primera mano el patrimonio tradicional aran\u00e9s, las costumbres de la \u00e9poca y las historias que esconde la casa.<\/p>\n<p><strong>Las visitas teatralizadas se llevar\u00e1n a cabo los d\u00edas 26 de julio, 9 y 23 de agosto y 6 de septiembre<\/strong>. Cada uno de estos d\u00edas, se ofrecer\u00e1n dos sesiones:<\/p>\n<p>A las 13 horas, \u00ab\u00a1Joanchiquet, tanto gusto!\u00bb Con tem\u00e1tica gastron\u00f3mica que culminar\u00e1 con una degustaci\u00f3n de Olla aranesa por parte de los asistentes, producto ofrecido por la Marca de Garant\u00eda, gracias a la colaboraci\u00f3n con Turismo Val d&#8217;Aran.<\/p>\n<p>A las 18 horas, \u00abVajilla de plata, cencerro de vaca\u00bb, un paseo por la casa con las historias de Rufina.<\/p>\n<p>Las entradas se deben adquirir por adelantado en la recepci\u00f3n del Museo de la Val d&#8217;Aran y el mismo d\u00eda en el Ecomuseo de Joanchiquet de Vilam\u00f2s y tendr\u00e1n un precio de 5 \u20ac.<\/p>\n<p><iframe loading=\"lazy\" src=\"https:\/\/www.youtube.com\/embed\/qUVqT_wxqnQ\" width=\"560\" height=\"315\" frameborder=\"0\" allowfullscreen=\"allowfullscreen\"><\/iframe><\/p>\n<p>Para el p\u00fablico familiar que quiera participar activamente de las actividades del Museo tambi\u00e9n se han preparado dos talleres: \u00abNhacs artistics\u00bb en Sant Joan de Arties los viernes 21 de julio, 4 y 18 de agosto a las 18 horas; y \u00abLos secretos de las plantas\u00bb en el Ecomuseo de Joanchiquet todos los jueves hasta el 31 de agosto a las 11:30 horas.<\/p>\n<p><a href=\"http:\/\/www.conselharan.org\/wp-content\/uploads\/2017\/07\/19417258_1480879218643414_2710694865843012460_o.jpg\"><img loading=\"lazy\" decoding=\"async\" class=\"aligncenter size-large wp-image-18194\" src=\"http:\/\/www.conselharan.org\/wp-content\/uploads\/2017\/07\/19417258_1480879218643414_2710694865843012460_o-1024x724.jpg\" alt=\"19417258_1480879218643414_2710694865843012460_o\" width=\"1024\" height=\"724\" srcset=\"https:\/\/www.conselharan.org\/wp-content\/uploads\/2017\/07\/19417258_1480879218643414_2710694865843012460_o-1024x724.jpg 1024w, https:\/\/www.conselharan.org\/wp-content\/uploads\/2017\/07\/19417258_1480879218643414_2710694865843012460_o-300x212.jpg 300w, https:\/\/www.conselharan.org\/wp-content\/uploads\/2017\/07\/19417258_1480879218643414_2710694865843012460_o-768x543.jpg 768w, https:\/\/www.conselharan.org\/wp-content\/uploads\/2017\/07\/19417258_1480879218643414_2710694865843012460_o.jpg 2048w\" sizes=\"(max-width: 1024px) 100vw, 1024px\" \/><\/a> <a href=\"http:\/\/www.conselharan.org\/wp-content\/uploads\/2017\/07\/19390837_1480879295310073_1743288649923056297_o.jpg\"><img loading=\"lazy\" decoding=\"async\" class=\"aligncenter size-large wp-image-18193\" src=\"http:\/\/www.conselharan.org\/wp-content\/uploads\/2017\/07\/19390837_1480879295310073_1743288649923056297_o-1024x724.jpg\" alt=\"19390837_1480879295310073_1743288649923056297_o\" width=\"1024\" height=\"724\" srcset=\"https:\/\/www.conselharan.org\/wp-content\/uploads\/2017\/07\/19390837_1480879295310073_1743288649923056297_o-1024x724.jpg 1024w, https:\/\/www.conselharan.org\/wp-content\/uploads\/2017\/07\/19390837_1480879295310073_1743288649923056297_o-300x212.jpg 300w, https:\/\/www.conselharan.org\/wp-content\/uploads\/2017\/07\/19390837_1480879295310073_1743288649923056297_o-768x543.jpg 768w, https:\/\/www.conselharan.org\/wp-content\/uploads\/2017\/07\/19390837_1480879295310073_1743288649923056297_o.jpg 2048w\" sizes=\"(max-width: 1024px) 100vw, 1024px\" \/><\/a><\/p>\n<p>&nbsp;<\/p>\n ","protected":false},"excerpt":{"rendered":"<p>Vielha, 21 de julio de 2017.- El museo ha organizado muchas actividades para todos los p\u00fablicos durante toda la temporada de verano, del 10 de julio hasta el 10 de septiembre. Las actividades consolidadas son las visitas guiadas de lunes a s\u00e1bado a las iglesias de la Ruta Rom\u00e1nica: Santa Maria de Arties, Santa Maria&#8230;<\/p>\n","protected":false},"author":2,"featured_media":18196,"comment_status":"closed","ping_status":"closed","sticky":false,"template":"","format":"standard","meta":{"footnotes":""},"categories":[34],"tags":[],"_links":{"self":[{"href":"https:\/\/www.conselharan.org\/es\/wp-json\/wp\/v2\/posts\/18199"}],"collection":[{"href":"https:\/\/www.conselharan.org\/es\/wp-json\/wp\/v2\/posts"}],"about":[{"href":"https:\/\/www.conselharan.org\/es\/wp-json\/wp\/v2\/types\/post"}],"author":[{"embeddable":true,"href":"https:\/\/www.conselharan.org\/es\/wp-json\/wp\/v2\/users\/2"}],"replies":[{"embeddable":true,"href":"https:\/\/www.conselharan.org\/es\/wp-json\/wp\/v2\/comments?post=18199"}],"version-history":[{"count":1,"href":"https:\/\/www.conselharan.org\/es\/wp-json\/wp\/v2\/posts\/18199\/revisions"}],"predecessor-version":[{"id":18200,"href":"https:\/\/www.conselharan.org\/es\/wp-json\/wp\/v2\/posts\/18199\/revisions\/18200"}],"wp:featuredmedia":[{"embeddable":true,"href":"https:\/\/www.conselharan.org\/es\/wp-json\/wp\/v2\/media\/18196"}],"wp:attachment":[{"href":"https:\/\/www.conselharan.org\/es\/wp-json\/wp\/v2\/media?parent=18199"}],"wp:term":[{"taxonomy":"category","embeddable":true,"href":"https:\/\/www.conselharan.org\/es\/wp-json\/wp\/v2\/categories?post=18199"},{"taxonomy":"post_tag","embeddable":true,"href":"https:\/\/www.conselharan.org\/es\/wp-json\/wp\/v2\/tags?post=18199"}],"curies":[{"name":"wp","href":"https:\/\/api.w.org\/{rel}","templated":true}]}}