{"id":18230,"date":"2017-07-25T14:11:58","date_gmt":"2017-07-25T12:11:58","guid":{"rendered":"http:\/\/www.conselharan.org\/es\/?p=18230"},"modified":"2017-07-25T14:11:58","modified_gmt":"2017-07-25T12:11:58","slug":"el-conselh-generau-daran-repobla-los-rios-barrados-joeu-y-toran","status":"publish","type":"post","link":"https:\/\/www.conselharan.org\/es\/el-conselh-generau-daran-repobla-los-rios-barrados-joeu-y-toran\/","title":{"rendered":"El Conselh Generau d\u2019Aran repobla los r\u00edos Barrad\u00f2s, Joeu y Tor\u00e1n"},"content":{"rendered":"<p>Vielha, 25 de julio de 2017.- El Conselh Generau d\u2019Aran a trav\u00e9s del departamento de Agricultura, ganader\u00eda y Medio Natural en colaboraci\u00f3n con la Sociedad de Caza y Pesca Val d\u2019Aran llev\u00f3 a cabo entre los d\u00edas 21 y 24 de julio la repoblaci\u00f3n de trucha en los r\u00edos Barrad\u00f2s, Joeu y Tor\u00e1n.<\/p>\n<p><a href=\"http:\/\/www.conselharan.org\/wp-content\/uploads\/2017\/07\/IMG-20170724-WA0006-1080x675.jpg\"><img loading=\"lazy\" decoding=\"async\" class=\"aligncenter size-large wp-image-18228\" src=\"http:\/\/www.conselharan.org\/wp-content\/uploads\/2017\/07\/IMG-20170724-WA0006-1080x675-1024x640.jpg\" alt=\"IMG-20170724-WA0006-1080x675\" width=\"1024\" height=\"640\" srcset=\"https:\/\/www.conselharan.org\/wp-content\/uploads\/2017\/07\/IMG-20170724-WA0006-1080x675-1024x640.jpg 1024w, https:\/\/www.conselharan.org\/wp-content\/uploads\/2017\/07\/IMG-20170724-WA0006-1080x675-300x188.jpg 300w, https:\/\/www.conselharan.org\/wp-content\/uploads\/2017\/07\/IMG-20170724-WA0006-1080x675-768x480.jpg 768w, https:\/\/www.conselharan.org\/wp-content\/uploads\/2017\/07\/IMG-20170724-WA0006-1080x675.jpg 1080w\" sizes=\"(max-width: 1024px) 100vw, 1024px\" \/><\/a><\/p>\n<p>Los Agentes de Medio Ambiente del Conselh Generau d\u2019Aran llevaron a cabo la suelta de aproximadamente 10.000 truchas en cada uno de ellos.<\/p>\n<p>Estas repoblaciones se realizan con el objetivo de recuperar la poblaci\u00f3n de truchas de la Val d\u2019Aran, sensiblemente mermada a causa de a las riadas de 2013.<\/p>\n<p>Mediante estas acciones, se est\u00e1n repoblando alevines aut\u00f3ctonos criados en la piscifactor\u00eda de Era B\u00f2rdeta, con unas medidas comprendidas entre 6 y 8 cent\u00edmetros.<\/p>\n<p>Durante los pr\u00f3ximos d\u00edas, se realizar\u00e1n m\u00e1s repoblaciones en diferentes r\u00edos de la Val d\u2019Aran, conel objetivo de repoblar unas 50.000 truchas m\u00e1s aproximadamente.<\/p>\n<p>&nbsp;<\/p>\n<p>&nbsp;<\/p>\n<p>&nbsp;<\/p>\n ","protected":false},"excerpt":{"rendered":"<p>Vielha, 25 de julio de 2017.- El Conselh Generau d\u2019Aran a trav\u00e9s del departamento de Agricultura, ganader\u00eda y Medio Natural en colaboraci\u00f3n con la Sociedad de Caza y Pesca Val d\u2019Aran llev\u00f3 a cabo entre los d\u00edas 21 y 24 de julio la repoblaci\u00f3n de trucha en los r\u00edos Barrad\u00f2s, Joeu y Tor\u00e1n. Los Agentes&#8230;<\/p>\n","protected":false},"author":2,"featured_media":18228,"comment_status":"closed","ping_status":"closed","sticky":false,"template":"","format":"standard","meta":{"footnotes":""},"categories":[52,126,37],"tags":[],"_links":{"self":[{"href":"https:\/\/www.conselharan.org\/es\/wp-json\/wp\/v2\/posts\/18230"}],"collection":[{"href":"https:\/\/www.conselharan.org\/es\/wp-json\/wp\/v2\/posts"}],"about":[{"href":"https:\/\/www.conselharan.org\/es\/wp-json\/wp\/v2\/types\/post"}],"author":[{"embeddable":true,"href":"https:\/\/www.conselharan.org\/es\/wp-json\/wp\/v2\/users\/2"}],"replies":[{"embeddable":true,"href":"https:\/\/www.conselharan.org\/es\/wp-json\/wp\/v2\/comments?post=18230"}],"version-history":[{"count":1,"href":"https:\/\/www.conselharan.org\/es\/wp-json\/wp\/v2\/posts\/18230\/revisions"}],"predecessor-version":[{"id":18231,"href":"https:\/\/www.conselharan.org\/es\/wp-json\/wp\/v2\/posts\/18230\/revisions\/18231"}],"wp:featuredmedia":[{"embeddable":true,"href":"https:\/\/www.conselharan.org\/es\/wp-json\/wp\/v2\/media\/18228"}],"wp:attachment":[{"href":"https:\/\/www.conselharan.org\/es\/wp-json\/wp\/v2\/media?parent=18230"}],"wp:term":[{"taxonomy":"category","embeddable":true,"href":"https:\/\/www.conselharan.org\/es\/wp-json\/wp\/v2\/categories?post=18230"},{"taxonomy":"post_tag","embeddable":true,"href":"https:\/\/www.conselharan.org\/es\/wp-json\/wp\/v2\/tags?post=18230"}],"curies":[{"name":"wp","href":"https:\/\/api.w.org\/{rel}","templated":true}]}}