{"id":18269,"date":"2017-07-26T12:46:13","date_gmt":"2017-07-26T10:46:13","guid":{"rendered":"http:\/\/www.conselharan.org\/es\/?p=18269"},"modified":"2017-07-26T12:46:13","modified_gmt":"2017-07-26T10:46:13","slug":"24a-carrera-aran-per-sa-lengua","status":"publish","type":"post","link":"https:\/\/www.conselharan.org\/es\/24a-carrera-aran-per-sa-lengua\/","title":{"rendered":"24\u00aa Carrera \u00abAran per sa Lengua\u00bb"},"content":{"rendered":"<p>Vielha 26 de julio de 2017.- El domingo 30 de julio se celebra una nueva edici\u00f3n de la Carrera de Aran per sa Lengua, que este a\u00f1o llega a la XXIV\u00aa edici\u00f3n.<\/p>\n<p><a href=\"http:\/\/www.conselharan.org\/wp-content\/uploads\/2017\/07\/13886963_1099740136777187_5775018246229748448_n.jpg\"><img loading=\"lazy\" decoding=\"async\" class=\"aligncenter size-full wp-image-18266\" src=\"http:\/\/www.conselharan.org\/wp-content\/uploads\/2017\/07\/13886963_1099740136777187_5775018246229748448_n.jpg\" alt=\"13886963_1099740136777187_5775018246229748448_n\" width=\"960\" height=\"540\" srcset=\"https:\/\/www.conselharan.org\/wp-content\/uploads\/2017\/07\/13886963_1099740136777187_5775018246229748448_n.jpg 960w, https:\/\/www.conselharan.org\/wp-content\/uploads\/2017\/07\/13886963_1099740136777187_5775018246229748448_n-300x169.jpg 300w, https:\/\/www.conselharan.org\/wp-content\/uploads\/2017\/07\/13886963_1099740136777187_5775018246229748448_n-768x432.jpg 768w\" sizes=\"(max-width: 960px) 100vw, 960px\" \/><\/a><\/p>\n<p>La carrera, organizada por el <strong>colectivo Lengua Viua<\/strong>, se celebra desde el a\u00f1o 1993 para defender la lengua y la identidad aranesa con el lema del Premio Nobel de Literatura Frederic Mistral, \u00abQui\u00e9n tiene la lengua, tiene la llave\u00bb.<\/p>\n<p>Los corredores y caminantes volver\u00e1n a salir desde Montgarri, Tred\u00f2s, el Puerto de Vielha y Les, para llegar pasadas las ocho de la tarde, a la plaza de la iglesia de Vielha.<\/p>\n<p>Los participantes llegar\u00e1n a Vielha cargando los ter\u00e7ons, que permitir\u00e1n dibujar el mapa de Aran en la plaza de la iglesia, y las banderas que la adornar\u00e1n. Durante el acto, que contar\u00e1 con la presencia del sindic d\u2019Aran, Carlos Barrera, se leer\u00e1 el manifiesto del colectivo Lengua Viua, y se entregar\u00e1 el premio Lengua Viua, creado para reconocer el trabajo de personas, colectivos o instituciones en defensa del aran\u00e9s. Tambi\u00e9n se entregar\u00e1 el premio al dise\u00f1o de la camiseta de este a\u00f1o.<\/p>\n<p>La fiesta de Aran per sa Lengua acabar\u00e1 con un concierto del grupo Nadau.<\/p>\n<p><strong>Venta de camisetas:<\/strong><\/p>\n<p>Mi\u00e9rcoles 26, en Salard\u00fa, delante de la oficina de turismo, de 11 a 13 horas.<\/p>\n<p>Jueves 27, en Boss\u00f2st, delante de la fuente, de 19 a 21 horas.<\/p>\n<p>En Vielha, cada d\u00eda en los cubiertos del Ayuntamiento de Vielha de 19 a 21 horas.<\/p>\n<p><a href=\"http:\/\/www.conselharan.org\/wp-content\/uploads\/2017\/07\/20287055_1442704692485012_4127043024098630760_o.jpg\"><img loading=\"lazy\" decoding=\"async\" class=\"aligncenter size-large wp-image-18267\" src=\"http:\/\/www.conselharan.org\/wp-content\/uploads\/2017\/07\/20287055_1442704692485012_4127043024098630760_o-1024x724.jpg\" alt=\"20287055_1442704692485012_4127043024098630760_o\" width=\"1024\" height=\"724\" srcset=\"https:\/\/www.conselharan.org\/wp-content\/uploads\/2017\/07\/20287055_1442704692485012_4127043024098630760_o-1024x724.jpg 1024w, https:\/\/www.conselharan.org\/wp-content\/uploads\/2017\/07\/20287055_1442704692485012_4127043024098630760_o-300x212.jpg 300w, https:\/\/www.conselharan.org\/wp-content\/uploads\/2017\/07\/20287055_1442704692485012_4127043024098630760_o-768x543.jpg 768w, https:\/\/www.conselharan.org\/wp-content\/uploads\/2017\/07\/20287055_1442704692485012_4127043024098630760_o.jpg 1440w\" sizes=\"(max-width: 1024px) 100vw, 1024px\" \/><\/a><\/p>\n<p><strong>HORARIO DE LA CARRERA ARAN PER SA LENGUA<\/strong><\/p>\n<p><strong>\u00a0<\/strong><\/p>\n<p>Salida libre para pasar el puerto de Vielha y encuentro con los que lo hayan hecho en el prado de Tishineret a las 19h30.<\/p>\n<p>&nbsp;<\/p>\n<p>&#8211; 12h00 Salida desde Las (caminando)<\/p>\n<p>&nbsp;<\/p>\n<p>&#8211; 12h00 Salida desde Montgarri (caminando)<\/p>\n<p>&nbsp;<\/p>\n<p>&#8211; 12h50 Parada en Boss\u00f2st, plaza de la iglesia<\/p>\n<p>&nbsp;<\/p>\n<p>&#8211; 14h30 Salida desde Tred\u00f2s (caminando)<\/p>\n<p>&nbsp;<\/p>\n<p>&#8211; 15h00 Es Bordes, comer todos juntos, cada uno mochila propia.<\/p>\n<p>&nbsp;<\/p>\n<p>&#8211; 15h00 Unha, comer todos juntos, cada uno mochila propia<\/p>\n<p>&nbsp;<\/p>\n<p>&#8211; 17h00 Salida de Es Bordes<\/p>\n<p>&nbsp;<\/p>\n<p>&#8211; 17h00 Salida de Unha<\/p>\n<p>&nbsp;<\/p>\n<p>&#8211; 17h00 Salida desde Montgarri (corriendo)<\/p>\n<p>&nbsp;<\/p>\n<p>&#8211; 18h30 Salida de Arties, plaza Urtau<\/p>\n<p>&nbsp;<\/p>\n<p>&#8211; 20h15 Llegada a la plaza de la iglesia de Vielha<\/p>\n<p>&nbsp;<\/p>\n<p>Parlamentos. Entrega Premio Lengua Viua<\/p>\n<p>&nbsp;<\/p>\n<p>&#8211; 20h30 Concierto del grupo Nadau<\/p>\n ","protected":false},"excerpt":{"rendered":"<p>Vielha 26 de julio de 2017.- El domingo 30 de julio se celebra una nueva edici\u00f3n de la Carrera de Aran per sa Lengua, que este a\u00f1o llega a la XXIV\u00aa edici\u00f3n. La carrera, organizada por el colectivo Lengua Viua, se celebra desde el a\u00f1o 1993 para defender la lengua y la identidad aranesa con&#8230;<\/p>\n","protected":false},"author":2,"featured_media":18266,"comment_status":"closed","ping_status":"closed","sticky":false,"template":"","format":"standard","meta":{"footnotes":""},"categories":[132,34,37],"tags":[],"_links":{"self":[{"href":"https:\/\/www.conselharan.org\/es\/wp-json\/wp\/v2\/posts\/18269"}],"collection":[{"href":"https:\/\/www.conselharan.org\/es\/wp-json\/wp\/v2\/posts"}],"about":[{"href":"https:\/\/www.conselharan.org\/es\/wp-json\/wp\/v2\/types\/post"}],"author":[{"embeddable":true,"href":"https:\/\/www.conselharan.org\/es\/wp-json\/wp\/v2\/users\/2"}],"replies":[{"embeddable":true,"href":"https:\/\/www.conselharan.org\/es\/wp-json\/wp\/v2\/comments?post=18269"}],"version-history":[{"count":1,"href":"https:\/\/www.conselharan.org\/es\/wp-json\/wp\/v2\/posts\/18269\/revisions"}],"predecessor-version":[{"id":18270,"href":"https:\/\/www.conselharan.org\/es\/wp-json\/wp\/v2\/posts\/18269\/revisions\/18270"}],"wp:featuredmedia":[{"embeddable":true,"href":"https:\/\/www.conselharan.org\/es\/wp-json\/wp\/v2\/media\/18266"}],"wp:attachment":[{"href":"https:\/\/www.conselharan.org\/es\/wp-json\/wp\/v2\/media?parent=18269"}],"wp:term":[{"taxonomy":"category","embeddable":true,"href":"https:\/\/www.conselharan.org\/es\/wp-json\/wp\/v2\/categories?post=18269"},{"taxonomy":"post_tag","embeddable":true,"href":"https:\/\/www.conselharan.org\/es\/wp-json\/wp\/v2\/tags?post=18269"}],"curies":[{"name":"wp","href":"https:\/\/api.w.org\/{rel}","templated":true}]}}