{"id":18297,"date":"2017-07-28T17:24:13","date_gmt":"2017-07-28T15:24:13","guid":{"rendered":"http:\/\/www.conselharan.org\/es\/?p=18297"},"modified":"2017-07-28T17:24:37","modified_gmt":"2017-07-28T15:24:37","slug":"visita-del-lleida-esportiu-al-conselh-generau-daran","status":"publish","type":"post","link":"https:\/\/www.conselharan.org\/es\/visita-del-lleida-esportiu-al-conselh-generau-daran\/","title":{"rendered":"Visita del Lleida Esportiu al Conselh Generau d\u2019Aran"},"content":{"rendered":"<p>Vielha, 28 de julio de 2017.- Los integrantes de la plantilla y el cuerpo t\u00e9cnico del Lleida Esportiu han sido recibidos en el Conselh Generau d\u2019Aran por el sindic d\u2019Aran, <strong>Carlos<\/strong> <strong>Barrera<\/strong>, en una recepci\u00f3n oficial durante su stage de pretemporada en Valle de Aran.<\/p>\n<p><a href=\"http:\/\/www.conselharan.org\/wp-content\/uploads\/2017\/07\/IMG_9461.jpg\"><img loading=\"lazy\" decoding=\"async\" class=\"aligncenter size-large wp-image-18295\" src=\"http:\/\/www.conselharan.org\/wp-content\/uploads\/2017\/07\/IMG_9461-1024x768.jpg\" alt=\"IMG_9461\" width=\"1024\" height=\"768\" srcset=\"https:\/\/www.conselharan.org\/wp-content\/uploads\/2017\/07\/IMG_9461-1024x768.jpg 1024w, https:\/\/www.conselharan.org\/wp-content\/uploads\/2017\/07\/IMG_9461-300x225.jpg 300w, https:\/\/www.conselharan.org\/wp-content\/uploads\/2017\/07\/IMG_9461-768x576.jpg 768w\" sizes=\"(max-width: 1024px) 100vw, 1024px\" \/><\/a><\/p>\n<p>El Lleida Esportiu est\u00e1 en tierras aranesas desde el pasado lunes 24 de julio donde ha realizado los entrenamientos de pretemporada en las instalaciones del campo de f\u00fatbol de Naut Aran en Gar\u00f2s. Adem\u00e1s, ha disputado dos partidos amistosos de preparaci\u00f3n contra el Tremp FC y tambi\u00e9n con una selecci\u00f3n de los equipos de la Val d&#8217;Aran.<\/p>\n<p>Durante la recepci\u00f3n en el Conselh Generau, el sindic d\u2019Aran, Carlos Barrera, ha recordado que los aires del Aran son beneficiosos para los \u00e9xitos futuros de los equipos que preparan la temporada en el Valle, y acto seguido ha querido hacerse la fotograf\u00eda oficial con todos los integrantes de la plantilla.<\/p>\n<p>Despu\u00e9s del stage de pretemporada del Espanyol \u00abB\u00bb y del Lleida Esportiu, ahora se espera la llegada del primer equipo del Toulouse F.C. de la primera divisi\u00f3n francesa, y del equipo femenino del Espanyol, que tambi\u00e9n preparar\u00e1n la temporada en el Valle de Aran.<\/p>\n<p>&nbsp;<\/p>\n ","protected":false},"excerpt":{"rendered":"<p>Vielha, 28 de julio de 2017.- Los integrantes de la plantilla y el cuerpo t\u00e9cnico del Lleida Esportiu han sido recibidos en el Conselh Generau d\u2019Aran por el sindic d\u2019Aran, Carlos Barrera, en una recepci\u00f3n oficial durante su stage de pretemporada en Valle de Aran. El Lleida Esportiu est\u00e1 en tierras aranesas desde el pasado&#8230;<\/p>\n","protected":false},"author":2,"featured_media":18295,"comment_status":"closed","ping_status":"closed","sticky":false,"template":"","format":"standard","meta":{"footnotes":""},"categories":[52],"tags":[],"_links":{"self":[{"href":"https:\/\/www.conselharan.org\/es\/wp-json\/wp\/v2\/posts\/18297"}],"collection":[{"href":"https:\/\/www.conselharan.org\/es\/wp-json\/wp\/v2\/posts"}],"about":[{"href":"https:\/\/www.conselharan.org\/es\/wp-json\/wp\/v2\/types\/post"}],"author":[{"embeddable":true,"href":"https:\/\/www.conselharan.org\/es\/wp-json\/wp\/v2\/users\/2"}],"replies":[{"embeddable":true,"href":"https:\/\/www.conselharan.org\/es\/wp-json\/wp\/v2\/comments?post=18297"}],"version-history":[{"count":2,"href":"https:\/\/www.conselharan.org\/es\/wp-json\/wp\/v2\/posts\/18297\/revisions"}],"predecessor-version":[{"id":18299,"href":"https:\/\/www.conselharan.org\/es\/wp-json\/wp\/v2\/posts\/18297\/revisions\/18299"}],"wp:featuredmedia":[{"embeddable":true,"href":"https:\/\/www.conselharan.org\/es\/wp-json\/wp\/v2\/media\/18295"}],"wp:attachment":[{"href":"https:\/\/www.conselharan.org\/es\/wp-json\/wp\/v2\/media?parent=18297"}],"wp:term":[{"taxonomy":"category","embeddable":true,"href":"https:\/\/www.conselharan.org\/es\/wp-json\/wp\/v2\/categories?post=18297"},{"taxonomy":"post_tag","embeddable":true,"href":"https:\/\/www.conselharan.org\/es\/wp-json\/wp\/v2\/tags?post=18297"}],"curies":[{"name":"wp","href":"https:\/\/api.w.org\/{rel}","templated":true}]}}