{"id":18440,"date":"2017-08-04T14:54:21","date_gmt":"2017-08-04T12:54:21","guid":{"rendered":"http:\/\/www.conselharan.org\/es\/?p=18440"},"modified":"2017-08-04T14:54:21","modified_gmt":"2017-08-04T12:54:21","slug":"restablecido-el-cable-de-seguridad-del-camino-del-coth-deth-horo","status":"publish","type":"post","link":"https:\/\/www.conselharan.org\/es\/restablecido-el-cable-de-seguridad-del-camino-del-coth-deth-horo\/","title":{"rendered":"Restablecido el cable de seguridad del camino del C\u00f2th deth H\u00f2ro"},"content":{"rendered":"<p>Vielha, 4 de agosto de 2017.- El <strong>Conselh Generau d\u2019Aran<\/strong> ha restablecido el cable de seguridad del camino del C\u00f2th deth H\u00f2ro, que result\u00f3 da\u00f1ado el a\u00f1o pasado.<\/p>\n<p>El camino se\u00f1alizado tiene un desnivel de 765m y 3.000m de recorrido y consta de se\u00f1alizaci\u00f3n orientativa y situaci\u00f3n del <strong>cable de soporte para garantizar una mayor seguridad para los usuarios<\/strong> que deciden utilizar la ruta aranesa del Aneto a trav\u00e9s de C\u00f2th deth H\u00f2ro y paso de los araneses.<\/p>\n<p><a href=\"http:\/\/www.conselharan.org\/wp-content\/uploads\/2017\/08\/C\u00f2th-deth-H\u00f2ro-3.png\"><img loading=\"lazy\" decoding=\"async\" class=\"aligncenter size-large wp-image-18437\" src=\"http:\/\/www.conselharan.org\/wp-content\/uploads\/2017\/08\/C\u00f2th-deth-H\u00f2ro-3-577x1024.png\" alt=\"C\u00f2th deth H\u00f2ro 3\" width=\"577\" height=\"1024\" srcset=\"https:\/\/www.conselharan.org\/wp-content\/uploads\/2017\/08\/C\u00f2th-deth-H\u00f2ro-3-577x1024.png 577w, https:\/\/www.conselharan.org\/wp-content\/uploads\/2017\/08\/C\u00f2th-deth-H\u00f2ro-3-169x300.png 169w, https:\/\/www.conselharan.org\/wp-content\/uploads\/2017\/08\/C\u00f2th-deth-H\u00f2ro-3.png 640w\" sizes=\"(max-width: 577px) 100vw, 577px\" \/><\/a><\/p>\n<p>&nbsp;<\/p>\n<p>El equipamiento consta de 20 pilonas y puntos de se\u00f1alizaci\u00f3n vertical con una marca de pintura reflectante de color amarillo para facilitar su visualizaci\u00f3n en caso de niebla o noche.<\/p>\n<p>El anclaje del cable est\u00e1 presente en los tramos donde el terreno es de roca y tiene m\u00e1s desnivel.<\/p>\n<p><a href=\"http:\/\/www.conselharan.org\/wp-content\/uploads\/2017\/08\/C\u00f2th-deth-H\u00f2ro-2.jpg\"><img loading=\"lazy\" decoding=\"async\" class=\"aligncenter size-large wp-image-18438\" src=\"http:\/\/www.conselharan.org\/wp-content\/uploads\/2017\/08\/C\u00f2th-deth-H\u00f2ro-2-1024x509.jpg\" alt=\"C\u00f2th deth H\u00f2ro 2\" width=\"1024\" height=\"509\" srcset=\"https:\/\/www.conselharan.org\/wp-content\/uploads\/2017\/08\/C\u00f2th-deth-H\u00f2ro-2.jpg 1024w, https:\/\/www.conselharan.org\/wp-content\/uploads\/2017\/08\/C\u00f2th-deth-H\u00f2ro-2-300x149.jpg 300w, https:\/\/www.conselharan.org\/wp-content\/uploads\/2017\/08\/C\u00f2th-deth-H\u00f2ro-2-768x382.jpg 768w\" sizes=\"(max-width: 1024px) 100vw, 1024px\" \/><\/a><\/p>\n<p>&nbsp;<\/p>\n ","protected":false},"excerpt":{"rendered":"<p>Vielha, 4 de agosto de 2017.- El Conselh Generau d\u2019Aran ha restablecido el cable de seguridad del camino del C\u00f2th deth H\u00f2ro, que result\u00f3 da\u00f1ado el a\u00f1o pasado. El camino se\u00f1alizado tiene un desnivel de 765m y 3.000m de recorrido y consta de se\u00f1alizaci\u00f3n orientativa y situaci\u00f3n del cable de soporte para garantizar una mayor&#8230;<\/p>\n","protected":false},"author":2,"featured_media":18436,"comment_status":"closed","ping_status":"closed","sticky":false,"template":"","format":"standard","meta":{"footnotes":""},"categories":[34],"tags":[],"_links":{"self":[{"href":"https:\/\/www.conselharan.org\/es\/wp-json\/wp\/v2\/posts\/18440"}],"collection":[{"href":"https:\/\/www.conselharan.org\/es\/wp-json\/wp\/v2\/posts"}],"about":[{"href":"https:\/\/www.conselharan.org\/es\/wp-json\/wp\/v2\/types\/post"}],"author":[{"embeddable":true,"href":"https:\/\/www.conselharan.org\/es\/wp-json\/wp\/v2\/users\/2"}],"replies":[{"embeddable":true,"href":"https:\/\/www.conselharan.org\/es\/wp-json\/wp\/v2\/comments?post=18440"}],"version-history":[{"count":1,"href":"https:\/\/www.conselharan.org\/es\/wp-json\/wp\/v2\/posts\/18440\/revisions"}],"predecessor-version":[{"id":18441,"href":"https:\/\/www.conselharan.org\/es\/wp-json\/wp\/v2\/posts\/18440\/revisions\/18441"}],"wp:featuredmedia":[{"embeddable":true,"href":"https:\/\/www.conselharan.org\/es\/wp-json\/wp\/v2\/media\/18436"}],"wp:attachment":[{"href":"https:\/\/www.conselharan.org\/es\/wp-json\/wp\/v2\/media?parent=18440"}],"wp:term":[{"taxonomy":"category","embeddable":true,"href":"https:\/\/www.conselharan.org\/es\/wp-json\/wp\/v2\/categories?post=18440"},{"taxonomy":"post_tag","embeddable":true,"href":"https:\/\/www.conselharan.org\/es\/wp-json\/wp\/v2\/tags?post=18440"}],"curies":[{"name":"wp","href":"https:\/\/api.w.org\/{rel}","templated":true}]}}