{"id":18448,"date":"2017-08-04T15:03:31","date_gmt":"2017-08-04T13:03:31","guid":{"rendered":"http:\/\/www.conselharan.org\/es\/?p=18448"},"modified":"2017-08-10T10:18:39","modified_gmt":"2017-08-10T08:18:39","slug":"reubicacion-de-los-servicios-administrativos-del-hospital-del-valle-de-aran","status":"publish","type":"post","link":"https:\/\/www.conselharan.org\/es\/reubicacion-de-los-servicios-administrativos-del-hospital-del-valle-de-aran\/","title":{"rendered":"Reubicaci\u00f3n de los servicios administrativos del Hospital del Valle de Aran"},"content":{"rendered":"<p>Vielha, 4 de agosto de 2017.- El Gov\u00e8rn d\u2019Aran ha aprobado esta semana el inicio de los trabajos para la reubicaci\u00f3n de los servicios administrativos y de direcci\u00f3n del Hospital del Valle de Aran. Estos servicios se ubicar\u00e1n a partir de ahora en unos locales de un edificio adyacente al mismo hospital que fueron adquiridos por el Conselh Generau d\u2019Aran.<\/p>\n<p><a href=\"http:\/\/www.conselharan.org\/wp-content\/uploads\/2017\/08\/Reubicaci\u00f3-Serveis-Hospital-1.jpg\"><img loading=\"lazy\" decoding=\"async\" class=\"aligncenter size-large wp-image-18446\" src=\"http:\/\/www.conselharan.org\/wp-content\/uploads\/2017\/08\/Reubicaci\u00f3-Serveis-Hospital-1-1024x424.jpg\" alt=\"Reubicaci\u00f3 Serveis Hospital 1\" width=\"1024\" height=\"424\" srcset=\"https:\/\/www.conselharan.org\/wp-content\/uploads\/2017\/08\/Reubicaci\u00f3-Serveis-Hospital-1-1024x424.jpg 1024w, https:\/\/www.conselharan.org\/wp-content\/uploads\/2017\/08\/Reubicaci\u00f3-Serveis-Hospital-1-300x124.jpg 300w, https:\/\/www.conselharan.org\/wp-content\/uploads\/2017\/08\/Reubicaci\u00f3-Serveis-Hospital-1-768x318.jpg 768w, https:\/\/www.conselharan.org\/wp-content\/uploads\/2017\/08\/Reubicaci\u00f3-Serveis-Hospital-1.jpg 2016w\" sizes=\"(max-width: 1024px) 100vw, 1024px\" \/><\/a><\/p>\n<p>Los servicios administrativos y de direcci\u00f3n del hospital ocupar\u00e1n un local de dos plantas con un total de 287m, en los que se instalar\u00e1n 8 despachos y 3 salas de reuniones. El Gov\u00e8rn d\u2019Aran destina un presupuesto de 123.953 \u20ac a la reforma interior de las nuevas instalaciones.<\/p>\n<p>Esta actuaci\u00f3n permitir\u00e1 comenzar en un futuro pr\u00f3ximo las siguientes fases de reforma del Hospital del Valle de Aran, consistentes en el traslado del laboratorio y la reforma del bloque quir\u00fargico y obst\u00e9trico con la construcci\u00f3n de dos nuevos quir\u00f3fanos en el actual edificio del hospital.<\/p>\n ","protected":false},"excerpt":{"rendered":"<p>Vielha, 4 de agosto de 2017.- El Gov\u00e8rn d\u2019Aran ha aprobado esta semana el inicio de los trabajos para la reubicaci\u00f3n de los servicios administrativos y de direcci\u00f3n del Hospital del Valle de Aran. Estos servicios se ubicar\u00e1n a partir de ahora en unos locales de un edificio adyacente al mismo hospital que fueron adquiridos&#8230;<\/p>\n","protected":false},"author":2,"featured_media":18446,"comment_status":"closed","ping_status":"closed","sticky":false,"template":"","format":"standard","meta":{"footnotes":""},"categories":[52],"tags":[],"_links":{"self":[{"href":"https:\/\/www.conselharan.org\/es\/wp-json\/wp\/v2\/posts\/18448"}],"collection":[{"href":"https:\/\/www.conselharan.org\/es\/wp-json\/wp\/v2\/posts"}],"about":[{"href":"https:\/\/www.conselharan.org\/es\/wp-json\/wp\/v2\/types\/post"}],"author":[{"embeddable":true,"href":"https:\/\/www.conselharan.org\/es\/wp-json\/wp\/v2\/users\/2"}],"replies":[{"embeddable":true,"href":"https:\/\/www.conselharan.org\/es\/wp-json\/wp\/v2\/comments?post=18448"}],"version-history":[{"count":2,"href":"https:\/\/www.conselharan.org\/es\/wp-json\/wp\/v2\/posts\/18448\/revisions"}],"predecessor-version":[{"id":18453,"href":"https:\/\/www.conselharan.org\/es\/wp-json\/wp\/v2\/posts\/18448\/revisions\/18453"}],"wp:featuredmedia":[{"embeddable":true,"href":"https:\/\/www.conselharan.org\/es\/wp-json\/wp\/v2\/media\/18446"}],"wp:attachment":[{"href":"https:\/\/www.conselharan.org\/es\/wp-json\/wp\/v2\/media?parent=18448"}],"wp:term":[{"taxonomy":"category","embeddable":true,"href":"https:\/\/www.conselharan.org\/es\/wp-json\/wp\/v2\/categories?post=18448"},{"taxonomy":"post_tag","embeddable":true,"href":"https:\/\/www.conselharan.org\/es\/wp-json\/wp\/v2\/tags?post=18448"}],"curies":[{"name":"wp","href":"https:\/\/api.w.org\/{rel}","templated":true}]}}