{"id":18619,"date":"2017-08-11T20:24:22","date_gmt":"2017-08-11T18:24:22","guid":{"rendered":"http:\/\/www.conselharan.org\/es\/?p=18619"},"modified":"2017-08-11T20:24:22","modified_gmt":"2017-08-11T18:24:22","slug":"presentacion-y-canto-de-los-gozos-a-sant-roc-de-vilamos","status":"publish","type":"post","link":"https:\/\/www.conselharan.org\/es\/presentacion-y-canto-de-los-gozos-a-sant-roc-de-vilamos\/","title":{"rendered":"Presentaci\u00f3n y canto de los Gozos a Sant R\u00f2c de Vilam\u00f2s"},"content":{"rendered":"<p>Vielha, 11 de agosto de 2017.- El pr\u00f3ximo <strong>martes d\u00eda 15 de agosto<\/strong> tendr\u00e1 lugar la presentaci\u00f3n y canto de los <strong>Gozos a Sant R\u00f2c de Vilam\u00f2s<\/strong> dentro de los actos de la Fiesta mayor de la poblaci\u00f3n.<\/p>\n<p>La presentaci\u00f3n a la que asistir\u00e1n el sindic d\u2019Aran, Carlos Barrera, y el alcalde de Vilam\u00f2s, Francisco Castet, ser\u00e1 a las 13:00 horas en la Misa de Fiesta mayor, cantada por \u00abEs Paums\u00bb en la iglesia de Santa Mar\u00eda de Vilam\u00f2s. El acto contar\u00e1 adem\u00e1s con la presencia de los autores Jus\u00e8p Antoni Castet (promotor), J\u00e8p de Montoya (letra) y Jaume Masana \u00abCASTELL\u00bb (m\u00fasica). Tambi\u00e9n se repartir\u00e1 un ejemplar de los Gozos para cada asistente.<\/p>\n<p>A continuaci\u00f3n se har\u00e1 el descubrimiento de una placa conmemorativa en honor del Ilustre Sr. Joan Coromines Vignaux, en la fachada de la Casa de la Plaza, lugar donde vivi\u00f3 en diferentes momentos de sus estancias en el Valle de Aran. Coromines es autor de la tesis doctoral sobre el aran\u00e9s \u00abVocabulario Aran\u00e9s\u00bb publicado por la Imprenta de la Casa de Caridad de Barcelona en 1931, ampliada y publicada en 1991 como \u00abEl Parlar de la Vall d\u2019Aran\u00bb (Gram\u00e1tica, Diccionario y Estudios l\u00e9xicos sobre el Gasc\u00f3n) por Curial Ediciones.<\/p>\n<p>Anteriormente, el s\u00e1bado 12 de agosto a las 19:00 horas en la misma iglesia de Santa Mar\u00eda de Vilam\u00f2s, se har\u00e1 la presentaci\u00f3n y ensayo general de los Gozos a Sant R\u00f2c de Vilam\u00f2s, abierta a todos los que quieran asistir.<\/p>\n<p><a href=\"http:\/\/www.conselharan.org\/wp-content\/uploads\/2017\/08\/Goig-Sant-Roc-Vilamos-1.jpg\"><img loading=\"lazy\" decoding=\"async\" class=\"aligncenter size-large wp-image-18617\" src=\"http:\/\/www.conselharan.org\/wp-content\/uploads\/2017\/08\/Goig-Sant-Roc-Vilamos-1-728x1024.jpg\" alt=\"Goig Sant Roc Vilamos (1)\" width=\"728\" height=\"1024\" srcset=\"https:\/\/www.conselharan.org\/wp-content\/uploads\/2017\/08\/Goig-Sant-Roc-Vilamos-1-728x1024.jpg 728w, https:\/\/www.conselharan.org\/wp-content\/uploads\/2017\/08\/Goig-Sant-Roc-Vilamos-1-213x300.jpg 213w, https:\/\/www.conselharan.org\/wp-content\/uploads\/2017\/08\/Goig-Sant-Roc-Vilamos-1-768x1080.jpg 768w\" sizes=\"(max-width: 728px) 100vw, 728px\" \/><\/a><\/p>\n ","protected":false},"excerpt":{"rendered":"<p>Vielha, 11 de agosto de 2017.- El pr\u00f3ximo martes d\u00eda 15 de agosto tendr\u00e1 lugar la presentaci\u00f3n y canto de los Gozos a Sant R\u00f2c de Vilam\u00f2s dentro de los actos de la Fiesta mayor de la poblaci\u00f3n. La presentaci\u00f3n a la que asistir\u00e1n el sindic d\u2019Aran, Carlos Barrera, y el alcalde de Vilam\u00f2s, Francisco&#8230;<\/p>\n","protected":false},"author":2,"featured_media":18617,"comment_status":"closed","ping_status":"closed","sticky":false,"template":"","format":"standard","meta":{"footnotes":""},"categories":[34],"tags":[],"_links":{"self":[{"href":"https:\/\/www.conselharan.org\/es\/wp-json\/wp\/v2\/posts\/18619"}],"collection":[{"href":"https:\/\/www.conselharan.org\/es\/wp-json\/wp\/v2\/posts"}],"about":[{"href":"https:\/\/www.conselharan.org\/es\/wp-json\/wp\/v2\/types\/post"}],"author":[{"embeddable":true,"href":"https:\/\/www.conselharan.org\/es\/wp-json\/wp\/v2\/users\/2"}],"replies":[{"embeddable":true,"href":"https:\/\/www.conselharan.org\/es\/wp-json\/wp\/v2\/comments?post=18619"}],"version-history":[{"count":1,"href":"https:\/\/www.conselharan.org\/es\/wp-json\/wp\/v2\/posts\/18619\/revisions"}],"predecessor-version":[{"id":18620,"href":"https:\/\/www.conselharan.org\/es\/wp-json\/wp\/v2\/posts\/18619\/revisions\/18620"}],"wp:featuredmedia":[{"embeddable":true,"href":"https:\/\/www.conselharan.org\/es\/wp-json\/wp\/v2\/media\/18617"}],"wp:attachment":[{"href":"https:\/\/www.conselharan.org\/es\/wp-json\/wp\/v2\/media?parent=18619"}],"wp:term":[{"taxonomy":"category","embeddable":true,"href":"https:\/\/www.conselharan.org\/es\/wp-json\/wp\/v2\/categories?post=18619"},{"taxonomy":"post_tag","embeddable":true,"href":"https:\/\/www.conselharan.org\/es\/wp-json\/wp\/v2\/tags?post=18619"}],"curies":[{"name":"wp","href":"https:\/\/api.w.org\/{rel}","templated":true}]}}