{"id":18823,"date":"2017-09-01T12:33:04","date_gmt":"2017-09-01T10:33:04","guid":{"rendered":"http:\/\/www.conselharan.org\/es\/?p=18823"},"modified":"2017-09-01T14:31:48","modified_gmt":"2017-09-01T12:31:48","slug":"el-conselh-generau-daran-abre-el-plazo-de-solicitud-de-las-ayudas-a-los-jovenes-deportistas-araneses-2","status":"publish","type":"post","link":"https:\/\/www.conselharan.org\/es\/el-conselh-generau-daran-abre-el-plazo-de-solicitud-de-las-ayudas-a-los-jovenes-deportistas-araneses-2\/","title":{"rendered":"El Conselh Generau d\u2019Aran abre el plazo de solicitud de las ayudas a los j\u00f3venes deportistas araneses"},"content":{"rendered":"<p>Vielha, 1 de septiembre\u00a0de 2017.- El <strong>Conselh Generau d\u2019Aran<\/strong> ha abierto el periodo para solicitar las ayudas y subvenciones econ\u00f3micas para la temporada 2017\/2018 a los j\u00f3venes deportistas araneses. El objetivo de estas ayudas, es motivar la continuidad de su carrera deportiva mientras estudian, con el fin de que puedan terminar convirti\u00e9ndose en deportistas de alto rendimiento. El plazo de presentaci\u00f3n de solicitudes est\u00e1 abierto hasta el 30 de septiembre de 2017.<\/p>\n<p><a href=\"http:\/\/www.conselharan.org\/wp-content\/uploads\/2017\/09\/ajudes.jpg\"><img loading=\"lazy\" decoding=\"async\" class=\"aligncenter size-large wp-image-18821\" src=\"http:\/\/www.conselharan.org\/wp-content\/uploads\/2017\/09\/ajudes-1024x538.jpg\" alt=\"ajudes\" width=\"1024\" height=\"538\" srcset=\"https:\/\/www.conselharan.org\/wp-content\/uploads\/2017\/09\/ajudes-1024x538.jpg 1024w, https:\/\/www.conselharan.org\/wp-content\/uploads\/2017\/09\/ajudes-300x158.jpg 300w, https:\/\/www.conselharan.org\/wp-content\/uploads\/2017\/09\/ajudes-768x404.jpg 768w, https:\/\/www.conselharan.org\/wp-content\/uploads\/2017\/09\/ajudes.jpg 1200w\" sizes=\"(max-width: 1024px) 100vw, 1024px\" \/><\/a><\/p>\n<p>Los requisitos indispensables para ser beneficiario de estas ayudas son, cursar ense\u00f1anzas obligatorias (ESO) o post obligatorios (Ciclos Formativos, Bachillerato o Estudios Universitarios), entre los 12 y los 22 a\u00f1os, ser deportistas en activo y cursar actualmente cualquiera de los estudios establecidos en el art\u00edculo 3 de las bases.<\/p>\n<p>Tener aprobado el porcentaje de asignaturas que se indican a continuaci\u00f3n:<\/p>\n<p>En el caso de estar cursando estudios de ESO o Bachillerato, tener aprobado el 100% de las asignaturas matriculadas en el curso anterior al actual.<\/p>\n<p>&nbsp;<\/p>\n<p>En el caso de estar cursando estudios universitarios:<\/p>\n<p>Carreras t\u00e9cnicas: Estar matriculados en un m\u00ednimo del 50% de asignaturas y haber aprobado el 70% los cr\u00e9ditos matriculados en el curso anterior al actual.<\/p>\n<p>Carreras human\u00edsticas, sociales, letras: Estar matriculados en un m\u00ednimo del 50% de asignaturas y haber aprobado el 80% los cr\u00e9ditos matriculados en el curso anterior al actual.<\/p>\n<p>&nbsp;<\/p>\n<p>Adem\u00e1s es necesario que los beneficiarios sean residentes en Aran, con un empadronamiento en cualquiera de los municipios araneses durante un m\u00ednimo de dos a\u00f1os inmediatamente anteriores a esta convocatoria.<\/p>\n<p>Para conceder las subvenciones el Conselh Generau d\u2019Aran, crear\u00e1 una Comisi\u00f3n T\u00e9cnica de Valoraci\u00f3n, integrada entre otros por el conselh\u00e8r de Deportes y Juventud del Gov\u00e8rn d\u2019Aran <strong>Lu\u00eds Carlos Medina<\/strong> y por el responsable t\u00e9cnico del Conselh Esportiu del Valle de Aran.<\/p>\n<p>&nbsp;<\/p>\n<p><strong>Se conceder\u00e1n dos tipos de subvenciones:<\/strong><\/p>\n<p><strong>\u00a0<\/strong><\/p>\n<p><strong>-Beca A por un importe de 1.500 \u20ac.<\/strong><\/p>\n<p><strong>-Beca B por un importe de 750 \u20ac.<\/strong><\/p>\n<p>&nbsp;<\/p>\n<p>Para conceder estas ayudas, se considerar\u00e1 la edad de los deportistas, as\u00ed como los resultados deportivos obtenidos y los diferentes niveles de competici\u00f3n en que participen (grupo de competici\u00f3n internacional, estatal o auton\u00f3mico).<\/p>\n<p>El plazo de presentaci\u00f3n de solicitudes es hasta el 30 de septiembre de 2017.<\/p>\n<p>&nbsp;<\/p>\n ","protected":false},"excerpt":{"rendered":"<p>Vielha, 1 de septiembre\u00a0de 2017.- El Conselh Generau d\u2019Aran ha abierto el periodo para solicitar las ayudas y subvenciones econ\u00f3micas para la temporada 2017\/2018 a los j\u00f3venes deportistas araneses. El objetivo de estas ayudas, es motivar la continuidad de su carrera deportiva mientras estudian, con el fin de que puedan terminar convirti\u00e9ndose en deportistas de&#8230;<\/p>\n","protected":false},"author":2,"featured_media":18820,"comment_status":"closed","ping_status":"closed","sticky":false,"template":"","format":"standard","meta":{"footnotes":""},"categories":[52],"tags":[],"_links":{"self":[{"href":"https:\/\/www.conselharan.org\/es\/wp-json\/wp\/v2\/posts\/18823"}],"collection":[{"href":"https:\/\/www.conselharan.org\/es\/wp-json\/wp\/v2\/posts"}],"about":[{"href":"https:\/\/www.conselharan.org\/es\/wp-json\/wp\/v2\/types\/post"}],"author":[{"embeddable":true,"href":"https:\/\/www.conselharan.org\/es\/wp-json\/wp\/v2\/users\/2"}],"replies":[{"embeddable":true,"href":"https:\/\/www.conselharan.org\/es\/wp-json\/wp\/v2\/comments?post=18823"}],"version-history":[{"count":5,"href":"https:\/\/www.conselharan.org\/es\/wp-json\/wp\/v2\/posts\/18823\/revisions"}],"predecessor-version":[{"id":18840,"href":"https:\/\/www.conselharan.org\/es\/wp-json\/wp\/v2\/posts\/18823\/revisions\/18840"}],"wp:featuredmedia":[{"embeddable":true,"href":"https:\/\/www.conselharan.org\/es\/wp-json\/wp\/v2\/media\/18820"}],"wp:attachment":[{"href":"https:\/\/www.conselharan.org\/es\/wp-json\/wp\/v2\/media?parent=18823"}],"wp:term":[{"taxonomy":"category","embeddable":true,"href":"https:\/\/www.conselharan.org\/es\/wp-json\/wp\/v2\/categories?post=18823"},{"taxonomy":"post_tag","embeddable":true,"href":"https:\/\/www.conselharan.org\/es\/wp-json\/wp\/v2\/tags?post=18823"}],"curies":[{"name":"wp","href":"https:\/\/api.w.org\/{rel}","templated":true}]}}