{"id":18902,"date":"2017-09-04T15:25:02","date_gmt":"2017-09-04T13:25:02","guid":{"rendered":"http:\/\/www.conselharan.org\/es\/?p=18902"},"modified":"2017-09-05T09:39:19","modified_gmt":"2017-09-05T07:39:19","slug":"recepcion-al-alpinista-oscar-cadiach","status":"publish","type":"post","link":"https:\/\/www.conselharan.org\/es\/recepcion-al-alpinista-oscar-cadiach\/","title":{"rendered":"Recepci\u00f3n al alpinista \u00d2scar Cadiach"},"content":{"rendered":"<p>Vielha, 4 de septiembre de 2017.- El alpinista <strong>\u00d2scar Cadiach<\/strong> que este verano ha coronado el Broad Peak de 8.047 metros, ha sido recibido hoy en la sede del Conselh Generau por el sindic d\u2019Aran, <strong>Carlos Barrera<\/strong>.<\/p>\n<p><a href=\"http:\/\/www.conselharan.org\/wp-content\/uploads\/2017\/09\/2.jpeg\"><img loading=\"lazy\" decoding=\"async\" class=\"aligncenter size-large wp-image-18894\" src=\"http:\/\/www.conselharan.org\/wp-content\/uploads\/2017\/09\/2-1024x768.jpeg\" alt=\"2\" width=\"1024\" height=\"768\" srcset=\"https:\/\/www.conselharan.org\/wp-content\/uploads\/2017\/09\/2-1024x768.jpeg 1024w, https:\/\/www.conselharan.org\/wp-content\/uploads\/2017\/09\/2-300x225.jpeg 300w, https:\/\/www.conselharan.org\/wp-content\/uploads\/2017\/09\/2-768x576.jpeg 768w, https:\/\/www.conselharan.org\/wp-content\/uploads\/2017\/09\/2.jpeg 1600w\" sizes=\"(max-width: 1024px) 100vw, 1024px\" \/><\/a><\/p>\n<p>Cadiach, que en esta \u00faltima expedici\u00f3n ha contado con el patrocinio de Torisme Val d&#8217;Aran, se convirti\u00f3 el pasado 27 de julio a las 11h de la ma\u00f1ana, en el primer catal\u00e1n que corona los catorce ochomiles sin ox\u00edgeno, entrando a sus 64 a\u00f1os, en la selecta lista de 20 alpinistas que han completado los 14 \u00d7 8.000 sin ox\u00edgeno.<\/p>\n<p>El sindic d\u2019Aran, Carlos Barrera, ha explicado durante la recepci\u00f3n que empezaron a hablar de apoyar la expedici\u00f3n de Cadiach desde el Conselh Generau d\u2019Aran, durante la presentaci\u00f3n de la temporada de Baqueira Beret del a\u00f1o pasado , y que el Gobierno de Aran se sent\u00eda orgulloso de haber colaborado en este reto del alpinista, porque si hay alguien que entiende la filosof\u00eda de la monta\u00f1a, este es \u00d2scar Cadiach, dijo.<\/p>\n<p>Por su parte Cadiach, explic\u00f3 que en su momento, hace ya algunos a\u00f1os, qued\u00f3 enamorado del verdor de las monta\u00f1as y de la gente del Valle de Aran, y por supuesto del blanco de la nieve en invierno . Cadiach, ha querido agradecer muy especialmente la colaboraci\u00f3n de la consejera de Turismo de Aran, <strong>Anna D\u00edaz<\/strong>, en esta expedici\u00f3n al Broad Peak, ya que el Valle de Ar\u00e1n, es \u00abla Esencia de los Pirineos\u00bb y ahora toca el Pirineo y aqu\u00ed estaremos, remarc\u00f3.<\/p>\n<p>Finalmente, el sindic d\u2019Aran, Carlos Barrera, ha invitado a \u00d2scar Cadiach a participar en la inauguraci\u00f3n del nuevo refugio de la Artiga de Lin, en la ruta aranesa del Aneto, uno de los \u00faltimos proyectos del Conselh Generau d\u2019Aran, en la preservaci\u00f3n de la naturaleza y de la filosof\u00eda de vida de monta\u00f1a del Valle de Aran.<\/p>\n<p><a href=\"http:\/\/www.conselharan.org\/wp-content\/uploads\/2017\/09\/5.jpeg\"><img loading=\"lazy\" decoding=\"async\" class=\"aligncenter size-large wp-image-18897\" src=\"http:\/\/www.conselharan.org\/wp-content\/uploads\/2017\/09\/5-1024x768.jpeg\" alt=\"5\" width=\"1024\" height=\"768\" srcset=\"https:\/\/www.conselharan.org\/wp-content\/uploads\/2017\/09\/5-1024x768.jpeg 1024w, https:\/\/www.conselharan.org\/wp-content\/uploads\/2017\/09\/5-300x225.jpeg 300w, https:\/\/www.conselharan.org\/wp-content\/uploads\/2017\/09\/5-768x576.jpeg 768w, https:\/\/www.conselharan.org\/wp-content\/uploads\/2017\/09\/5.jpeg 1600w\" sizes=\"(max-width: 1024px) 100vw, 1024px\" \/><\/a> <a href=\"http:\/\/www.conselharan.org\/wp-content\/uploads\/2017\/09\/6.jpeg\"><img loading=\"lazy\" decoding=\"async\" class=\"aligncenter size-large wp-image-18898\" src=\"http:\/\/www.conselharan.org\/wp-content\/uploads\/2017\/09\/6-1024x768.jpeg\" alt=\"6\" width=\"1024\" height=\"768\" srcset=\"https:\/\/www.conselharan.org\/wp-content\/uploads\/2017\/09\/6-1024x768.jpeg 1024w, https:\/\/www.conselharan.org\/wp-content\/uploads\/2017\/09\/6-300x225.jpeg 300w, https:\/\/www.conselharan.org\/wp-content\/uploads\/2017\/09\/6-768x576.jpeg 768w, https:\/\/www.conselharan.org\/wp-content\/uploads\/2017\/09\/6.jpeg 1600w\" sizes=\"(max-width: 1024px) 100vw, 1024px\" \/><\/a><\/p>\n ","protected":false},"excerpt":{"rendered":"<p>Vielha, 4 de septiembre de 2017.- El alpinista \u00d2scar Cadiach que este verano ha coronado el Broad Peak de 8.047 metros, ha sido recibido hoy en la sede del Conselh Generau por el sindic d\u2019Aran, Carlos Barrera. Cadiach, que en esta \u00faltima expedici\u00f3n ha contado con el patrocinio de Torisme Val d&#8217;Aran, se convirti\u00f3 el&#8230;<\/p>\n","protected":false},"author":2,"featured_media":18894,"comment_status":"closed","ping_status":"closed","sticky":false,"template":"","format":"standard","meta":{"footnotes":""},"categories":[52,37,137],"tags":[],"_links":{"self":[{"href":"https:\/\/www.conselharan.org\/es\/wp-json\/wp\/v2\/posts\/18902"}],"collection":[{"href":"https:\/\/www.conselharan.org\/es\/wp-json\/wp\/v2\/posts"}],"about":[{"href":"https:\/\/www.conselharan.org\/es\/wp-json\/wp\/v2\/types\/post"}],"author":[{"embeddable":true,"href":"https:\/\/www.conselharan.org\/es\/wp-json\/wp\/v2\/users\/2"}],"replies":[{"embeddable":true,"href":"https:\/\/www.conselharan.org\/es\/wp-json\/wp\/v2\/comments?post=18902"}],"version-history":[{"count":1,"href":"https:\/\/www.conselharan.org\/es\/wp-json\/wp\/v2\/posts\/18902\/revisions"}],"predecessor-version":[{"id":18903,"href":"https:\/\/www.conselharan.org\/es\/wp-json\/wp\/v2\/posts\/18902\/revisions\/18903"}],"wp:featuredmedia":[{"embeddable":true,"href":"https:\/\/www.conselharan.org\/es\/wp-json\/wp\/v2\/media\/18894"}],"wp:attachment":[{"href":"https:\/\/www.conselharan.org\/es\/wp-json\/wp\/v2\/media?parent=18902"}],"wp:term":[{"taxonomy":"category","embeddable":true,"href":"https:\/\/www.conselharan.org\/es\/wp-json\/wp\/v2\/categories?post=18902"},{"taxonomy":"post_tag","embeddable":true,"href":"https:\/\/www.conselharan.org\/es\/wp-json\/wp\/v2\/tags?post=18902"}],"curies":[{"name":"wp","href":"https:\/\/api.w.org\/{rel}","templated":true}]}}